{"id":2391,"date":"2021-08-27T14:03:23","date_gmt":"2021-08-27T17:03:23","guid":{"rendered":"https:\/\/ouvidordigital.com.br\/blog\/?p=2391"},"modified":"2025-01-10T14:39:58","modified_gmt":"2025-01-10T17:39:58","slug":"nao-mexa-com-ela-assedio-nas-empresas","status":"publish","type":"post","link":"https:\/\/ouvidordigital.com.br\/blog\/nao-mexa-com-ela-assedio-nas-empresas\/","title":{"rendered":"N\u00e3o mexa com ela &#8211; Um filme que retrata o ass\u00e9dio nas empresas"},"content":{"rendered":"<div class=\"wp-block-image\">\n<figure class=\"aligncenter size-full\"><img loading=\"lazy\" decoding=\"async\" width=\"480\" height=\"360\" src=\"https:\/\/ouvidordigital.com.br\/blog\/\/blog\/wp-content\/uploads\/2021\/08\/15653763215d4dbf410ba99_1565376321_4x3_sm.jpg\" alt=\"Filme: N\u00e3o mexa com ela\" class=\"wp-image-2393\" srcset=\"https:\/\/ouvidordigital.com.br\/blog\/wp-content\/uploads\/2021\/08\/15653763215d4dbf410ba99_1565376321_4x3_sm.jpg 480w, https:\/\/ouvidordigital.com.br\/blog\/wp-content\/uploads\/2021\/08\/15653763215d4dbf410ba99_1565376321_4x3_sm-300x225.jpg 300w\" sizes=\"auto, (max-width: 480px) 100vw, 480px\" \/><\/figure>\n<\/div>\n\n\n<p>Mais de 26 mil pessoas entraram na Justi\u00e7a por ass\u00e9dio sexual no ambiente de trabalho no per\u00edodo de 2015 a 2021, segundo o TST. Embora as discuss\u00f5es sobre ass\u00e9dio avancem ainda \u00e9 uma triste realidade. <\/p>\n\n\n\n<p>N\u00e3o mexa com ela \u00e9 um filme israelense de 2019 que retrata o que acontece diariamente em empresas brasileiras e de todo mundo.<\/p>\n\n\n\n<p>Confira o review abaixo.<\/p>\n\n\n\n<h2 class=\"wp-block-heading\">N\u00c3O MEXA COM ELA<\/h2>\n\n\n\n<p>Orna (Liron Ben Shlush) \u00e9 m\u00e3e de tr\u00eas filhos pequenos e est\u00e1 passando por dificuldades financeiras, pois o rec\u00e9m-inaugurado restaurante de seu marido ainda n\u00e3o est\u00e1 ganhando dinheiro.&nbsp;<\/p>\n\n\n\n<p>Ela pensa que sua vida vai mudar ao ser contratada em uma imobili\u00e1ria de luxo, no entanto, Orna passa a ser v\u00edtima de ass\u00e9dio de seu chefe.<\/p>\n\n\n\n<p>A pel\u00edcula \u00e9 escrita por Michal Aviad (a pr\u00f3pria diretora, tamb\u00e9m de <em>Invis\u00edvel<\/em> \u2013 2011), Sharon Azulay Eyal e Michal Vinik, <strong>N\u00e3o Mexa com Ela<\/strong> \u00e9 um filme desconcertante e intimidador.&nbsp;<\/p>\n\n\n\n<p>Aviad n\u00e3o teme em introduzir de forma expl\u00edcita a quest\u00e3o do ass\u00e9dio sexual no local de trabalho: a conduta inapropriada do chefe Benny (<a href=\"https:\/\/www.adorocinema.com\/personalidades\/personalidade-132722\/\">Menashe Noy<\/a>) ocorre desde os primeiros encontros com a nova funcion\u00e1ria.&nbsp;<\/p>\n\n\n\n<p>Desta forma, podemos observar que a grada\u00e7\u00e3o do ass\u00e9dio em detalhes.&nbsp;<\/p>\n\n\n\n<p>O filme retrata muito bem a press\u00e3o psicol\u00f3gica envolvida numa rela\u00e7\u00e3o de poder: O chefe nunca \u00e9 visto como uma pessoa puramente perversa, apenas um empres\u00e1rio que julga esta conduta como natural.&nbsp;<\/p>\n\n\n\n<p>Quem v\u00ea de fora, Benny parece um patr\u00e3o dos sonhos que sabe reconhecer os m\u00e9ritos da \u00f3tima funcion\u00e1ria,&nbsp; j\u00e1 a protagonista transita entre diferentes fases da viol\u00eancia psicol\u00f3gica: o sentimento de culpa (acreditando ter sido ela quem permitiu o comportamento dele), o medo de n\u00e3o ser acreditada, de perder o marido, de abrir m\u00e3o de uma estabilidade financeira por algo que, afinal, parece mais comum do que ela pensava.<\/p>\n\n\n\n<h2 class=\"wp-block-heading\">Uma triste realidade fora da fic\u00e7\u00e3o<\/h2>\n\n\n\n<p>Casos de ass\u00e9dio sexual no ambiente de trabalho s\u00e3o um tema recorrente nas organiza\u00e7\u00f5es brasileiras e internacionais. Uma pesquisa realizada pelo&nbsp;<a rel=\"noreferrer noopener\" target=\"_blank\" href=\"http:\/\/vagas.com\/\">vagas.com<\/a>&nbsp;levantou que 52% dos entrevistados j\u00e1 sofreram ass\u00e9dio no trabalho.<\/p>\n\n\n\n<p>A pesquisa conclui que essas situa\u00e7\u00f5es, em sua maioria (84%), s\u00e3o praticadas pelos chefes diretos das v\u00edtimas ou por algu\u00e9m que tenha um cargo mais alto na hierarquia das empresas.<\/p>\n\n\n\n<p>Al\u00e9m disso, 87,5% das v\u00edtimas n\u00e3o denunciaram o ass\u00e9dio em fun\u00e7\u00e3o de n\u00e3o terem acesso a um sistema de canal de den\u00fancias que garante seu anonimato.<\/p>\n\n\n\n<h2 class=\"wp-block-heading\">Como o canal de den\u00fancias pode auxiliar no combate ao ass\u00e9dio?<\/h2>\n\n\n\n<p>Empresas que utilizam canais de den\u00fancias an\u00f4nimas conseguem reduzir drasticamente a incid\u00eancia de casos dessa natureza. <\/p>\n\n\n\n<p>Uma ampla divulga\u00e7\u00e3o do canal, alinhada a um c\u00f3digo de conduta e pol\u00edtica de garantia do anonimato do denunciante e n\u00e3o retalia\u00e7\u00e3o s\u00e3o essenciais para o pleno funcionamento de combate a estas situa\u00e7\u00f5es.<\/p>\n\n\n\n<p>Reduza o ass\u00e9dio em sua empresa com o <a href=\"http:\/\/ouvidordigital.com.br\" target=\"_blank\" rel=\"noreferrer noopener\">Ouvidor Digital<\/a>.<\/p>\n\n\n\n<p>Baixe o nosso e-book e reduza o ass\u00e9dio em sua empresa <a href=\"https:\/\/ouvidordigital.com.br\/blog\/\/guia_prevencao_assedio_empresa\/?utm_source=menu_topo_blog\">aqui<\/a>.<\/p>\n","protected":false},"excerpt":{"rendered":"<p>Mais de 26 mil pessoas entraram na Justi\u00e7a por ass\u00e9dio sexual no ambiente de trabalho no per\u00edodo de 2015 a 2021, segundo o TST. Embora as discuss\u00f5es sobre ass\u00e9dio avancem ainda \u00e9 uma triste realidade. N\u00e3o mexa com ela \u00e9 um filme israelense de 2019 que retrata o que acontece diariamente em empresas brasileiras e [&hellip;]<\/p>\n","protected":false},"author":2,"featured_media":2397,"comment_status":"open","ping_status":"open","sticky":false,"template":"","format":"standard","meta":{"_acf_changed":false,"footnotes":""},"categories":[40,46],"tags":[],"class_list":["post-2391","post","type-post","status-publish","format-standard","has-post-thumbnail","hentry","category-canal-de-denuncias","category-recursos-humanos"],"acf":[],"yoast_head":"<!-- This site is optimized with the Yoast SEO plugin v27.0 - https:\/\/yoast.com\/product\/yoast-seo-wordpress\/ -->\n<title>N\u00e3o mexa com ela: Um filme que retrata o ass\u00e9dio nas empresas<\/title>\n<meta name=\"description\" content=\"N\u00e3o mexa com ela \u00e9 um filme israelense de 2019 que retrata o que acontece diariamente em empresas brasileiras e de todo mundo.\" \/>\n<meta name=\"robots\" content=\"index, follow, max-snippet:-1, max-image-preview:large, max-video-preview:-1\" \/>\n<link rel=\"canonical\" href=\"https:\/\/ouvidordigital.com.br\/blog\/nao-mexa-com-ela-assedio-nas-empresas\/\" \/>\n<meta property=\"og:locale\" content=\"pt_BR\" \/>\n<meta property=\"og:type\" content=\"article\" \/>\n<meta property=\"og:title\" content=\"N\u00e3o mexa com ela: Um filme que retrata o ass\u00e9dio nas empresas\" \/>\n<meta property=\"og:description\" content=\"N\u00e3o mexa com ela \u00e9 um filme israelense de 2019 que retrata o que acontece diariamente em empresas brasileiras e de todo mundo.\" \/>\n<meta property=\"og:url\" content=\"https:\/\/ouvidordigital.com.br\/blog\/nao-mexa-com-ela-assedio-nas-empresas\/\" \/>\n<meta property=\"og:site_name\" content=\"Canal de Den\u00fancias, o Blog do Ouvidor Digital\" \/>\n<meta property=\"article:publisher\" content=\"https:\/\/www.facebook.com\/ouvidordigital\/\" \/>\n<meta property=\"article:published_time\" content=\"2021-08-27T17:03:23+00:00\" \/>\n<meta property=\"article:modified_time\" content=\"2025-01-10T17:39:58+00:00\" \/>\n<meta property=\"og:image\" content=\"https:\/\/ouvidordigital.com.br\/blog\/wp-content\/uploads\/2021\/08\/v211batch10-aum-220-movie_2.jpg\" \/>\n\t<meta property=\"og:image:width\" content=\"800\" \/>\n\t<meta property=\"og:image:height\" content=\"582\" \/>\n\t<meta property=\"og:image:type\" content=\"image\/jpeg\" \/>\n<meta name=\"author\" content=\"Paula Puente\" \/>\n<meta name=\"twitter:card\" content=\"summary_large_image\" \/>\n<meta name=\"twitter:label1\" content=\"Escrito por\" \/>\n\t<meta name=\"twitter:data1\" content=\"Paula Puente\" \/>\n\t<meta name=\"twitter:label2\" content=\"Est. tempo de leitura\" \/>\n\t<meta name=\"twitter:data2\" content=\"3 minutos\" \/>\n<script type=\"application\/ld+json\" class=\"yoast-schema-graph\">{\"@context\":\"https:\/\/schema.org\",\"@graph\":[{\"@type\":\"Article\",\"@id\":\"https:\/\/ouvidordigital.com.br\/blog\/nao-mexa-com-ela-assedio-nas-empresas\/#article\",\"isPartOf\":{\"@id\":\"https:\/\/ouvidordigital.com.br\/blog\/nao-mexa-com-ela-assedio-nas-empresas\/\"},\"author\":{\"name\":\"Paula Puente\",\"@id\":\"https:\/\/ouvidordigital.com.br\/blog\/#\/schema\/person\/899f522da00e36350c82866ea5cd1601\"},\"headline\":\"N\u00e3o mexa com ela &#8211; Um filme que retrata o ass\u00e9dio nas empresas\",\"datePublished\":\"2021-08-27T17:03:23+00:00\",\"dateModified\":\"2025-01-10T17:39:58+00:00\",\"mainEntityOfPage\":{\"@id\":\"https:\/\/ouvidordigital.com.br\/blog\/nao-mexa-com-ela-assedio-nas-empresas\/\"},\"wordCount\":550,\"commentCount\":2224,\"publisher\":{\"@id\":\"https:\/\/ouvidordigital.com.br\/blog\/#organization\"},\"image\":{\"@id\":\"https:\/\/ouvidordigital.com.br\/blog\/nao-mexa-com-ela-assedio-nas-empresas\/#primaryimage\"},\"thumbnailUrl\":\"https:\/\/ouvidordigital.com.br\/blog\/wp-content\/uploads\/2021\/08\/v211batch10-aum-220-movie_2.jpg\",\"articleSection\":[\"Canal de Den\u00fancias\",\"Recursos Humanos\"],\"inLanguage\":\"pt-BR\",\"potentialAction\":[{\"@type\":\"CommentAction\",\"name\":\"Comment\",\"target\":[\"https:\/\/ouvidordigital.com.br\/blog\/nao-mexa-com-ela-assedio-nas-empresas\/#respond\"]}]},{\"@type\":\"WebPage\",\"@id\":\"https:\/\/ouvidordigital.com.br\/blog\/nao-mexa-com-ela-assedio-nas-empresas\/\",\"url\":\"https:\/\/ouvidordigital.com.br\/blog\/nao-mexa-com-ela-assedio-nas-empresas\/\",\"name\":\"N\u00e3o mexa com ela: Um filme que retrata o ass\u00e9dio nas empresas\",\"isPartOf\":{\"@id\":\"https:\/\/ouvidordigital.com.br\/blog\/#website\"},\"primaryImageOfPage\":{\"@id\":\"https:\/\/ouvidordigital.com.br\/blog\/nao-mexa-com-ela-assedio-nas-empresas\/#primaryimage\"},\"image\":{\"@id\":\"https:\/\/ouvidordigital.com.br\/blog\/nao-mexa-com-ela-assedio-nas-empresas\/#primaryimage\"},\"thumbnailUrl\":\"https:\/\/ouvidordigital.com.br\/blog\/wp-content\/uploads\/2021\/08\/v211batch10-aum-220-movie_2.jpg\",\"datePublished\":\"2021-08-27T17:03:23+00:00\",\"dateModified\":\"2025-01-10T17:39:58+00:00\",\"description\":\"N\u00e3o mexa com ela \u00e9 um filme israelense de 2019 que retrata o que acontece diariamente em empresas brasileiras e de todo mundo.\",\"breadcrumb\":{\"@id\":\"https:\/\/ouvidordigital.com.br\/blog\/nao-mexa-com-ela-assedio-nas-empresas\/#breadcrumb\"},\"inLanguage\":\"pt-BR\",\"potentialAction\":[{\"@type\":\"ReadAction\",\"target\":[\"https:\/\/ouvidordigital.com.br\/blog\/nao-mexa-com-ela-assedio-nas-empresas\/\"]}]},{\"@type\":\"ImageObject\",\"inLanguage\":\"pt-BR\",\"@id\":\"https:\/\/ouvidordigital.com.br\/blog\/nao-mexa-com-ela-assedio-nas-empresas\/#primaryimage\",\"url\":\"https:\/\/ouvidordigital.com.br\/blog\/wp-content\/uploads\/2021\/08\/v211batch10-aum-220-movie_2.jpg\",\"contentUrl\":\"https:\/\/ouvidordigital.com.br\/blog\/wp-content\/uploads\/2021\/08\/v211batch10-aum-220-movie_2.jpg\",\"width\":800,\"height\":582},{\"@type\":\"BreadcrumbList\",\"@id\":\"https:\/\/ouvidordigital.com.br\/blog\/nao-mexa-com-ela-assedio-nas-empresas\/#breadcrumb\",\"itemListElement\":[{\"@type\":\"ListItem\",\"position\":1,\"name\":\"In\u00edcio\",\"item\":\"https:\/\/ouvidordigital.com.br\/blog\/\"},{\"@type\":\"ListItem\",\"position\":2,\"name\":\"Canal de Den\u00fancias\",\"item\":\"https:\/\/ouvidordigital.com.br\/blog\/categoria\/canal-de-denuncias\/\"},{\"@type\":\"ListItem\",\"position\":3,\"name\":\"N\u00e3o mexa com ela &#8211; Um filme que retrata o ass\u00e9dio nas empresas\"}]},{\"@type\":\"WebSite\",\"@id\":\"https:\/\/ouvidordigital.com.br\/blog\/#website\",\"url\":\"https:\/\/ouvidordigital.com.br\/blog\/\",\"name\":\"Blog do Ouvidor Digital\",\"description\":\"Fique por dentro das novidades do mercado, aspectos regulat\u00f3rios, al\u00e9m de todos os benef\u00edcios da implementa\u00e7\u00e3o de um Canal de Den\u00fancias.\",\"publisher\":{\"@id\":\"https:\/\/ouvidordigital.com.br\/blog\/#organization\"},\"potentialAction\":[{\"@type\":\"SearchAction\",\"target\":{\"@type\":\"EntryPoint\",\"urlTemplate\":\"https:\/\/ouvidordigital.com.br\/blog\/?s={search_term_string}\"},\"query-input\":{\"@type\":\"PropertyValueSpecification\",\"valueRequired\":true,\"valueName\":\"search_term_string\"}}],\"inLanguage\":\"pt-BR\"},{\"@type\":\"Organization\",\"@id\":\"https:\/\/ouvidordigital.com.br\/blog\/#organization\",\"name\":\"Ouvidor Digital\",\"url\":\"https:\/\/ouvidordigital.com.br\/blog\/\",\"logo\":{\"@type\":\"ImageObject\",\"inLanguage\":\"pt-BR\",\"@id\":\"https:\/\/ouvidordigital.com.br\/blog\/#\/schema\/logo\/image\/\",\"url\":\"https:\/\/ouvidordigital.com.br\/blog\/wp-content\/uploads\/2025\/01\/logo_blog_OD_1.png\",\"contentUrl\":\"https:\/\/ouvidordigital.com.br\/blog\/wp-content\/uploads\/2025\/01\/logo_blog_OD_1.png\",\"width\":392,\"height\":260,\"caption\":\"Ouvidor Digital\"},\"image\":{\"@id\":\"https:\/\/ouvidordigital.com.br\/blog\/#\/schema\/logo\/image\/\"},\"sameAs\":[\"https:\/\/www.facebook.com\/ouvidordigital\/\",\"https:\/\/www.linkedin.com\/company\/ouvidor-digital\"]},{\"@type\":\"Person\",\"@id\":\"https:\/\/ouvidordigital.com.br\/blog\/#\/schema\/person\/899f522da00e36350c82866ea5cd1601\",\"name\":\"Paula Puente\",\"image\":{\"@type\":\"ImageObject\",\"inLanguage\":\"pt-BR\",\"@id\":\"https:\/\/ouvidordigital.com.br\/blog\/#\/schema\/person\/image\/\",\"url\":\"https:\/\/secure.gravatar.com\/avatar\/029025b04672d8487dac9271c88aea06f2287c035adf67fa82ed25756970154e?s=96&d=mm&r=g\",\"contentUrl\":\"https:\/\/secure.gravatar.com\/avatar\/029025b04672d8487dac9271c88aea06f2287c035adf67fa82ed25756970154e?s=96&d=mm&r=g\",\"caption\":\"Paula Puente\"},\"url\":\"https:\/\/ouvidordigital.com.br\/blog\/author\/paula-de-la-puente\/\"}]}<\/script>\n<!-- \/ Yoast SEO plugin. -->","yoast_head_json":{"title":"N\u00e3o mexa com ela: Um filme que retrata o ass\u00e9dio nas empresas","description":"N\u00e3o mexa com ela \u00e9 um filme israelense de 2019 que retrata o que acontece diariamente em empresas brasileiras e de todo mundo.","robots":{"index":"index","follow":"follow","max-snippet":"max-snippet:-1","max-image-preview":"max-image-preview:large","max-video-preview":"max-video-preview:-1"},"canonical":"https:\/\/ouvidordigital.com.br\/blog\/nao-mexa-com-ela-assedio-nas-empresas\/","og_locale":"pt_BR","og_type":"article","og_title":"N\u00e3o mexa com ela: Um filme que retrata o ass\u00e9dio nas empresas","og_description":"N\u00e3o mexa com ela \u00e9 um filme israelense de 2019 que retrata o que acontece diariamente em empresas brasileiras e de todo mundo.","og_url":"https:\/\/ouvidordigital.com.br\/blog\/nao-mexa-com-ela-assedio-nas-empresas\/","og_site_name":"Canal de Den\u00fancias, o Blog do Ouvidor Digital","article_publisher":"https:\/\/www.facebook.com\/ouvidordigital\/","article_published_time":"2021-08-27T17:03:23+00:00","article_modified_time":"2025-01-10T17:39:58+00:00","og_image":[{"width":800,"height":582,"url":"https:\/\/ouvidordigital.com.br\/blog\/wp-content\/uploads\/2021\/08\/v211batch10-aum-220-movie_2.jpg","type":"image\/jpeg"}],"author":"Paula Puente","twitter_card":"summary_large_image","twitter_misc":{"Escrito por":"Paula Puente","Est. tempo de leitura":"3 minutos"},"schema":{"@context":"https:\/\/schema.org","@graph":[{"@type":"Article","@id":"https:\/\/ouvidordigital.com.br\/blog\/nao-mexa-com-ela-assedio-nas-empresas\/#article","isPartOf":{"@id":"https:\/\/ouvidordigital.com.br\/blog\/nao-mexa-com-ela-assedio-nas-empresas\/"},"author":{"name":"Paula Puente","@id":"https:\/\/ouvidordigital.com.br\/blog\/#\/schema\/person\/899f522da00e36350c82866ea5cd1601"},"headline":"N\u00e3o mexa com ela &#8211; Um filme que retrata o ass\u00e9dio nas empresas","datePublished":"2021-08-27T17:03:23+00:00","dateModified":"2025-01-10T17:39:58+00:00","mainEntityOfPage":{"@id":"https:\/\/ouvidordigital.com.br\/blog\/nao-mexa-com-ela-assedio-nas-empresas\/"},"wordCount":550,"commentCount":2224,"publisher":{"@id":"https:\/\/ouvidordigital.com.br\/blog\/#organization"},"image":{"@id":"https:\/\/ouvidordigital.com.br\/blog\/nao-mexa-com-ela-assedio-nas-empresas\/#primaryimage"},"thumbnailUrl":"https:\/\/ouvidordigital.com.br\/blog\/wp-content\/uploads\/2021\/08\/v211batch10-aum-220-movie_2.jpg","articleSection":["Canal de Den\u00fancias","Recursos Humanos"],"inLanguage":"pt-BR","potentialAction":[{"@type":"CommentAction","name":"Comment","target":["https:\/\/ouvidordigital.com.br\/blog\/nao-mexa-com-ela-assedio-nas-empresas\/#respond"]}]},{"@type":"WebPage","@id":"https:\/\/ouvidordigital.com.br\/blog\/nao-mexa-com-ela-assedio-nas-empresas\/","url":"https:\/\/ouvidordigital.com.br\/blog\/nao-mexa-com-ela-assedio-nas-empresas\/","name":"N\u00e3o mexa com ela: Um filme que retrata o ass\u00e9dio nas empresas","isPartOf":{"@id":"https:\/\/ouvidordigital.com.br\/blog\/#website"},"primaryImageOfPage":{"@id":"https:\/\/ouvidordigital.com.br\/blog\/nao-mexa-com-ela-assedio-nas-empresas\/#primaryimage"},"image":{"@id":"https:\/\/ouvidordigital.com.br\/blog\/nao-mexa-com-ela-assedio-nas-empresas\/#primaryimage"},"thumbnailUrl":"https:\/\/ouvidordigital.com.br\/blog\/wp-content\/uploads\/2021\/08\/v211batch10-aum-220-movie_2.jpg","datePublished":"2021-08-27T17:03:23+00:00","dateModified":"2025-01-10T17:39:58+00:00","description":"N\u00e3o mexa com ela \u00e9 um filme israelense de 2019 que retrata o que acontece diariamente em empresas brasileiras e de todo mundo.","breadcrumb":{"@id":"https:\/\/ouvidordigital.com.br\/blog\/nao-mexa-com-ela-assedio-nas-empresas\/#breadcrumb"},"inLanguage":"pt-BR","potentialAction":[{"@type":"ReadAction","target":["https:\/\/ouvidordigital.com.br\/blog\/nao-mexa-com-ela-assedio-nas-empresas\/"]}]},{"@type":"ImageObject","inLanguage":"pt-BR","@id":"https:\/\/ouvidordigital.com.br\/blog\/nao-mexa-com-ela-assedio-nas-empresas\/#primaryimage","url":"https:\/\/ouvidordigital.com.br\/blog\/wp-content\/uploads\/2021\/08\/v211batch10-aum-220-movie_2.jpg","contentUrl":"https:\/\/ouvidordigital.com.br\/blog\/wp-content\/uploads\/2021\/08\/v211batch10-aum-220-movie_2.jpg","width":800,"height":582},{"@type":"BreadcrumbList","@id":"https:\/\/ouvidordigital.com.br\/blog\/nao-mexa-com-ela-assedio-nas-empresas\/#breadcrumb","itemListElement":[{"@type":"ListItem","position":1,"name":"In\u00edcio","item":"https:\/\/ouvidordigital.com.br\/blog\/"},{"@type":"ListItem","position":2,"name":"Canal de Den\u00fancias","item":"https:\/\/ouvidordigital.com.br\/blog\/categoria\/canal-de-denuncias\/"},{"@type":"ListItem","position":3,"name":"N\u00e3o mexa com ela &#8211; Um filme que retrata o ass\u00e9dio nas empresas"}]},{"@type":"WebSite","@id":"https:\/\/ouvidordigital.com.br\/blog\/#website","url":"https:\/\/ouvidordigital.com.br\/blog\/","name":"Blog do Ouvidor Digital","description":"Fique por dentro das novidades do mercado, aspectos regulat\u00f3rios, al\u00e9m de todos os benef\u00edcios da implementa\u00e7\u00e3o de um Canal de Den\u00fancias.","publisher":{"@id":"https:\/\/ouvidordigital.com.br\/blog\/#organization"},"potentialAction":[{"@type":"SearchAction","target":{"@type":"EntryPoint","urlTemplate":"https:\/\/ouvidordigital.com.br\/blog\/?s={search_term_string}"},"query-input":{"@type":"PropertyValueSpecification","valueRequired":true,"valueName":"search_term_string"}}],"inLanguage":"pt-BR"},{"@type":"Organization","@id":"https:\/\/ouvidordigital.com.br\/blog\/#organization","name":"Ouvidor Digital","url":"https:\/\/ouvidordigital.com.br\/blog\/","logo":{"@type":"ImageObject","inLanguage":"pt-BR","@id":"https:\/\/ouvidordigital.com.br\/blog\/#\/schema\/logo\/image\/","url":"https:\/\/ouvidordigital.com.br\/blog\/wp-content\/uploads\/2025\/01\/logo_blog_OD_1.png","contentUrl":"https:\/\/ouvidordigital.com.br\/blog\/wp-content\/uploads\/2025\/01\/logo_blog_OD_1.png","width":392,"height":260,"caption":"Ouvidor Digital"},"image":{"@id":"https:\/\/ouvidordigital.com.br\/blog\/#\/schema\/logo\/image\/"},"sameAs":["https:\/\/www.facebook.com\/ouvidordigital\/","https:\/\/www.linkedin.com\/company\/ouvidor-digital"]},{"@type":"Person","@id":"https:\/\/ouvidordigital.com.br\/blog\/#\/schema\/person\/899f522da00e36350c82866ea5cd1601","name":"Paula Puente","image":{"@type":"ImageObject","inLanguage":"pt-BR","@id":"https:\/\/ouvidordigital.com.br\/blog\/#\/schema\/person\/image\/","url":"https:\/\/secure.gravatar.com\/avatar\/029025b04672d8487dac9271c88aea06f2287c035adf67fa82ed25756970154e?s=96&d=mm&r=g","contentUrl":"https:\/\/secure.gravatar.com\/avatar\/029025b04672d8487dac9271c88aea06f2287c035adf67fa82ed25756970154e?s=96&d=mm&r=g","caption":"Paula Puente"},"url":"https:\/\/ouvidordigital.com.br\/blog\/author\/paula-de-la-puente\/"}]}},"_links":{"self":[{"href":"https:\/\/ouvidordigital.com.br\/blog\/wp-json\/wp\/v2\/posts\/2391","targetHints":{"allow":["GET"]}}],"collection":[{"href":"https:\/\/ouvidordigital.com.br\/blog\/wp-json\/wp\/v2\/posts"}],"about":[{"href":"https:\/\/ouvidordigital.com.br\/blog\/wp-json\/wp\/v2\/types\/post"}],"author":[{"embeddable":true,"href":"https:\/\/ouvidordigital.com.br\/blog\/wp-json\/wp\/v2\/users\/2"}],"replies":[{"embeddable":true,"href":"https:\/\/ouvidordigital.com.br\/blog\/wp-json\/wp\/v2\/comments?post=2391"}],"version-history":[{"count":0,"href":"https:\/\/ouvidordigital.com.br\/blog\/wp-json\/wp\/v2\/posts\/2391\/revisions"}],"wp:featuredmedia":[{"embeddable":true,"href":"https:\/\/ouvidordigital.com.br\/blog\/wp-json\/wp\/v2\/media\/2397"}],"wp:attachment":[{"href":"https:\/\/ouvidordigital.com.br\/blog\/wp-json\/wp\/v2\/media?parent=2391"}],"wp:term":[{"taxonomy":"category","embeddable":true,"href":"https:\/\/ouvidordigital.com.br\/blog\/wp-json\/wp\/v2\/categories?post=2391"},{"taxonomy":"post_tag","embeddable":true,"href":"https:\/\/ouvidordigital.com.br\/blog\/wp-json\/wp\/v2\/tags?post=2391"}],"curies":[{"name":"wp","href":"https:\/\/api.w.org\/{rel}","templated":true}]}}