{"id":2401,"date":"2021-11-11T14:28:28","date_gmt":"2021-11-11T17:28:28","guid":{"rendered":"https:\/\/ouvidordigital.com.br\/blog\/?p=2401"},"modified":"2023-12-19T13:45:26","modified_gmt":"2023-12-19T16:45:26","slug":"clima-organizacional-e-canal-de-denuncias","status":"publish","type":"post","link":"https:\/\/ouvidordigital.com.br\/blog\/clima-organizacional-e-canal-de-denuncias\/","title":{"rendered":"Como aprimorar o Clima Organizacional da minha empresa atrav\u00e9s do Canal de Den\u00fancias"},"content":{"rendered":"<div class=\"wp-block-image\">\n<figure class=\"aligncenter size-full\"><img loading=\"lazy\" decoding=\"async\" width=\"790\" height=\"380\" src=\"https:\/\/ouvidordigital.com.br\/blog\/\/blog\/wp-content\/uploads\/2021\/12\/clima-organizacional-1.png\" alt=\"Clima Organizacional da empresa\" class=\"wp-image-2499\" srcset=\"https:\/\/ouvidordigital.com.br\/blog\/wp-content\/uploads\/2021\/12\/clima-organizacional-1.png 790w, https:\/\/ouvidordigital.com.br\/blog\/wp-content\/uploads\/2021\/12\/clima-organizacional-1-300x144.png 300w, https:\/\/ouvidordigital.com.br\/blog\/wp-content\/uploads\/2021\/12\/clima-organizacional-1-768x369.png 768w, https:\/\/ouvidordigital.com.br\/blog\/wp-content\/uploads\/2021\/12\/clima-organizacional-1-610x293.png 610w\" sizes=\"auto, (max-width: 790px) 100vw, 790px\" \/><\/figure>\n<\/div>\n\n\n<p><\/p>\n\n\n\n<p>O direito ao meio ambiente de trabalho digno, apesar de ser disposto na constitui\u00e7\u00e3o e nas normas trabalhistas, ainda hoje \u00e9 violado.<\/p>\n\n\n\n<p>Frequentemente vemos na m\u00eddia not\u00edcias sobre o ass\u00e9dio nas empresas.<\/p>\n\n\n\n<p>A rede de supermercado <a href=\"https:\/\/g1.globo.com\/sp\/sorocaba-jundiai\/noticia\/2019\/05\/16\/rede-de-supermercados-e-condenada-a-pagar-r-1-milhao-por-assedio-moral-em-sorocaba.ghtml\">Carrefour<\/a> foi condenada a pagar R$ 1 milh\u00e3o de reais provenientes de ass\u00e9dio moral no ambiente de trabalho.<\/p>\n\n\n\n<p>O clima organizacional \u00e9 t\u00e3o importante quanto a redu\u00e7\u00e3o de riscos \u00e1 sa\u00fade e integridade f\u00edsica dos trabalhadores. Um ambiente saud\u00e1vel produz satisfa\u00e7\u00e3o, bem-estar e aumenta a produtividade dos colaboradores.<\/p>\n\n\n\n<p>Por outro lado, um ambiente de trabalho t\u00f3xico, com rela\u00e7\u00f5es laborativas em choque, pode trazer consequ\u00eancias negativas para os empregados e para a pr\u00f3pria empresa.&nbsp;<\/p>\n\n\n\n<p>A partir disso, o artigo de hoje pretende demonstrar a import\u00e2ncia do canal de den\u00fancias para a cria\u00e7\u00e3o de um meio ambiente de trabalho saud\u00e1vel.<\/p>\n\n\n\n<p>Fique conosco<\/p>\n\n\n\n<h2 class=\"wp-block-heading\">O que \u00e9 clima organizacional?<\/h2>\n\n\n\n<p>O clima organizacional \u00e9 basicamente a jun\u00e7\u00e3o de sentimentos e opini\u00f5es dos profissionais sobre o local de trabalho. Com base nesses sentimentos, as pessoas no ambiente de trabalho, v\u00e3o reagir de uma determinada maneira \u00e0s a\u00e7\u00f5es e demandas do dia a dia que acabam tendo um impacto positivo ou negativo na produtividade da empresa.<\/p>\n\n\n\n<h2 class=\"wp-block-heading\">O que \u00e9 um ambiente de trabalho saud\u00e1vel?<\/h2>\n\n\n\n<p>Um ambiente de trabalho saud\u00e1vel \u00e9 aquele que promove uma boa produtividade e estimula os profissionais a fazerem o seu melhor alcan\u00e7ando resultados satisfat\u00f3rios.<\/p>\n\n\n\n<p>Segundo a pesquisa da Gallup, apenas 13% dos profissionais do mundo est\u00e3o engajados com a sua empresa.<\/p>\n\n\n\n<p>Essa estat\u00edstica \u00e9 muito preocupante, pois este fator afeta diretamente a lucratividade e a reputa\u00e7\u00e3o da organiza\u00e7\u00e3o.<\/p>\n\n\n\n<p>Desta forma, buscar um ambiente de trabalho saud\u00e1vel, traz ganhos n\u00e3o apenas para os colaboradores como para a empresa como um todo.<\/p>\n\n\n\n<h2 class=\"wp-block-heading\">Qual \u00e9 a import\u00e2ncia de trazer um ambiente de trabalho saud\u00e1vel para a sua empresa?<\/h2>\n\n\n\n<p>Primeiramente, apresentaremos as principais vantagens de um ambiente de trabalho saud\u00e1vel para a sua empresa.<\/p>\n\n\n\n<h3 class=\"wp-block-heading\">Afeta a motiva\u00e7\u00e3o de forma positiva<\/h3>\n\n\n\n<p>Voc\u00ea j\u00e1 parou para pensar como um ambiente de trabalho t\u00f3xico afeta o nosso humor e a produtividade? Um lugar onde as pessoas se auxiliam cotidianamente, t\u00eam empatia, consequentemente teremos atitudes positivas semelhantes que afetar\u00e3o a qualidade do nosso trabalho.<\/p>\n\n\n\n<h3 class=\"wp-block-heading\">Diminui\u00e7\u00e3o da taxa de turnover<\/h3>\n\n\n\n<p>A alta rotatividade pode prejudicar bastante a sua empresa. Veja abaixo os principais motivos:<\/p>\n\n\n\n<ol class=\"wp-block-list\">\n<li>custos com encargos trabalhistas<\/li>\n\n\n\n<li>piora do clima organizacional<\/li>\n\n\n\n<li>m\u00e1 reputa\u00e7\u00e3o do neg\u00f3cio<\/li>\n\n\n\n<li>inseguran\u00e7a dos funcion\u00e1rios<\/li>\n\n\n\n<li>mau relacionamento com os clientes<\/li>\n<\/ol>\n\n\n\n<h3 class=\"wp-block-heading\"> Maior qualidade de vida do profissional<\/h3>\n\n\n\n<p>Os colaboradores buscam muito mais que bons sal\u00e1rios, buscam empresas que se ad\u00e9quam aos seus valores e princ\u00edpios.&nbsp;<\/p>\n\n\n\n<p>Segundo a pesquisa realizada pela Catho, 64% dos profissionais querem qualidade de vida e um ambiente de trabalho saud\u00e1vel.<\/p>\n\n\n\n<h3 class=\"wp-block-heading\">Estimula o di\u00e1logo<\/h3>\n\n\n\n<p>O di\u00e1logo \u00e9 fundamental para o sucesso dos projetos. Uma empresa que promove um di\u00e1logo aberto, tem maior espa\u00e7o para inova\u00e7\u00e3o.&nbsp;<\/p>\n\n\n\n<h2 class=\"wp-block-heading\">Como o canal de den\u00fancias pode ajudar na cria\u00e7\u00e3o de um ambiente de trabalho saud\u00e1vel?<\/h2>\n\n\n\n<p>Os benef\u00edcios de um ambiente de trabalho saud\u00e1vel v\u00e3o al\u00e9m do bem-estar dos colaboradores e afetam diretamente a empresa.&nbsp;<\/p>\n\n\n\n<p>Um ambiente t\u00f3xico, onde existem intrigas recorrentes, ass\u00e9dio, discrimina\u00e7\u00e3o acabam por gerar grandes preju\u00edzos as institui\u00e7\u00f5es.&nbsp;<\/p>\n\n\n\n<p>Felizmente, existem ferramentas que podem auxiliar a sua empresa na cria\u00e7\u00e3o de um ambiente de trabalho mais saud\u00e1vel e o canal de den\u00fancias \u00e9 uma delas.&nbsp;<\/p>\n\n\n\n<p>Veja alguns exemplos abaixo:<\/p>\n\n\n\n<h3 class=\"wp-block-heading\">Evita riscos de ass\u00e9dio, discrimina\u00e7\u00e3o e racismo<\/h3>\n\n\n\n<p>Frequentemente vemos na m\u00eddia manchetes de ass\u00e9dio, discrimina\u00e7\u00e3o e racismo que poderiam ter sido evitadas com um canal de den\u00fancias.&nbsp;<\/p>\n\n\n\n<p class=\"has-text-align-left\">O<a href=\"https:\/\/ouvidordigital.com.br\/blog\/\/blog\/6-beneficios-de-um-canal-de-denuncias\/\"> canal de den\u00fancias <\/a>\u00e9 um canal de comunica\u00e7\u00e3o que permite que os colaboradores possam relatar as pr\u00e1ticas ilegais que sofreram ou que tenham presenciado, como ass\u00e9dio, discrimina\u00e7\u00e3o e racismo e at\u00e9 corrup\u00e7\u00e3o, roubo e furto.&nbsp;<\/p>\n\n\n\n<p>\u00c9 claro que uma organiza\u00e7\u00e3o, eventualmente, ir\u00e1 lidar com casos de m\u00e1 conduta, mas um ambiente de trabalho saud\u00e1vel, atrelado com uma cultura de<a href=\"https:\/\/ouvidordigital.com.br\/blog\/\/blog\/afinal-o-que-e-compliance\/\"> compliance<\/a> e canal de den\u00fancias pode auxiliar muito na preven\u00e7\u00e3o destes riscos.<\/p>\n\n\n\n<h3 class=\"wp-block-heading\">Evitar os riscos de alta rotatividade&nbsp;<\/h3>\n\n\n\n<p>Quando estamos em um ambiente de trabalho t\u00f3xico, desmotivados e sem vislumbrar possibilidades de melhora \u00e9 muito comum que abandonemos a empresa. O canal de den\u00fancias pode auxiliar detectando os pontos onde geram desmotiva\u00e7\u00e3o na equipe e assim identificar o problema e poder trabalhar em sua melhora.<\/p>\n\n\n\n<h3 class=\"wp-block-heading\">Cria\u00e7\u00e3o de um ambiente mais harmonioso e saud\u00e1vel&nbsp;<\/h3>\n\n\n\n<p>Muitas pessoas sofrem bullying dentro do ambiente de trabalho ou se encontram em situa\u00e7\u00f5es que se sentem inseguras com suas atividades.&nbsp; Um canal de den\u00fancias pode permitir que estas pessoas sejam ouvidas e tenham um suporte necess\u00e1rio criando assim um ambiente de trabalho mais saud\u00e1vel e harmonioso.<\/p>\n\n\n\n<h2 class=\"wp-block-heading\">Conclus\u00e3o:<\/h2>\n\n\n\n<p>Se voc\u00ea leu at\u00e9 agora, eu acredito que voc\u00ea entendeu a import\u00e2ncia de um ambiente de trabalho saud\u00e1vel para a sua empresa.<\/p>\n\n\n\n<p>Um ambiente de trabalho t\u00f3xico n\u00e3o \u00e9 prejudicial apenas para os colaboradores, mas tamb\u00e9m afeta diretamente a lucratividade e a produtividade da empresa.<\/p>\n\n\n\n<p>Um canal de den\u00fancias pode auxiliar a sua empresa a prevenir situa\u00e7\u00f5es de ass\u00e9dio, fraude, discrimina\u00e7\u00e3o que atrapalham o clima organizacional da sua empresa.<\/p>\n\n\n\n<p>Para implementar um canal de den\u00fancias e melhorar o clima organizacional da sua organiza\u00e7\u00e3o, conte conosco do Ouvidor Digital.&nbsp;<\/p>\n\n\n\n<p>Saiba mais no site do Ouvidor Digital<a href=\"https:\/\/ouvidordigital.com.br\/blog\/\/\"> aqui<\/a>.<\/p>\n","protected":false},"excerpt":{"rendered":"<p>O direito ao meio ambiente de trabalho digno, apesar de ser disposto na constitui\u00e7\u00e3o e nas normas trabalhistas, ainda hoje \u00e9 violado. Frequentemente vemos na m\u00eddia not\u00edcias sobre o ass\u00e9dio nas empresas. A rede de supermercado Carrefour foi condenada a pagar R$ 1 milh\u00e3o de reais provenientes de ass\u00e9dio moral no ambiente de trabalho. O [&hellip;]<\/p>\n","protected":false},"author":2,"featured_media":2499,"comment_status":"open","ping_status":"open","sticky":false,"template":"","format":"standard","meta":{"_acf_changed":false,"footnotes":""},"categories":[40,46],"tags":[],"class_list":["post-2401","post","type-post","status-publish","format-standard","has-post-thumbnail","hentry","category-canal-de-denuncias","category-recursos-humanos"],"acf":[],"yoast_head":"<!-- This site is optimized with the Yoast SEO plugin v27.0 - https:\/\/yoast.com\/product\/yoast-seo-wordpress\/ -->\n<title>Como aprimorar o clima organizacional com o canal de den\u00fancias<\/title>\n<meta name=\"description\" content=\"Como o canal de den\u00fancias pode auxiliar em um ambiente de trabalho mais saud\u00e1vel e aumentar a produtividade da empresa.\" \/>\n<meta name=\"robots\" content=\"index, follow, max-snippet:-1, max-image-preview:large, max-video-preview:-1\" \/>\n<link rel=\"canonical\" href=\"https:\/\/ouvidordigital.com.br\/blog\/clima-organizacional-e-canal-de-denuncias\/\" \/>\n<meta property=\"og:locale\" content=\"pt_BR\" \/>\n<meta property=\"og:type\" content=\"article\" \/>\n<meta property=\"og:title\" content=\"Como aprimorar o clima organizacional com o canal de den\u00fancias\" \/>\n<meta property=\"og:description\" content=\"Como o canal de den\u00fancias pode auxiliar em um ambiente de trabalho mais saud\u00e1vel e aumentar a produtividade da empresa.\" \/>\n<meta property=\"og:url\" content=\"https:\/\/ouvidordigital.com.br\/blog\/clima-organizacional-e-canal-de-denuncias\/\" \/>\n<meta property=\"og:site_name\" content=\"Canal de Den\u00fancias, o Blog do Ouvidor Digital\" \/>\n<meta property=\"article:publisher\" content=\"https:\/\/www.facebook.com\/ouvidordigital\/\" \/>\n<meta property=\"article:published_time\" content=\"2021-11-11T17:28:28+00:00\" \/>\n<meta property=\"article:modified_time\" content=\"2023-12-19T16:45:26+00:00\" \/>\n<meta property=\"og:image\" content=\"https:\/\/ouvidordigital.com.br\/blog\/wp-content\/uploads\/2021\/12\/clima-organizacional-1.png\" \/>\n\t<meta property=\"og:image:width\" content=\"790\" \/>\n\t<meta property=\"og:image:height\" content=\"380\" \/>\n\t<meta property=\"og:image:type\" content=\"image\/png\" \/>\n<meta name=\"author\" content=\"Paula Puente\" \/>\n<meta name=\"twitter:card\" content=\"summary_large_image\" \/>\n<meta name=\"twitter:label1\" content=\"Escrito por\" \/>\n\t<meta name=\"twitter:data1\" content=\"Paula Puente\" \/>\n\t<meta name=\"twitter:label2\" content=\"Est. tempo de leitura\" \/>\n\t<meta name=\"twitter:data2\" content=\"4 minutos\" \/>\n<script type=\"application\/ld+json\" class=\"yoast-schema-graph\">{\"@context\":\"https:\/\/schema.org\",\"@graph\":[{\"@type\":\"Article\",\"@id\":\"https:\/\/ouvidordigital.com.br\/blog\/clima-organizacional-e-canal-de-denuncias\/#article\",\"isPartOf\":{\"@id\":\"https:\/\/ouvidordigital.com.br\/blog\/clima-organizacional-e-canal-de-denuncias\/\"},\"author\":{\"name\":\"Paula Puente\",\"@id\":\"https:\/\/ouvidordigital.com.br\/blog\/#\/schema\/person\/899f522da00e36350c82866ea5cd1601\"},\"headline\":\"Como aprimorar o Clima Organizacional da minha empresa atrav\u00e9s do Canal de Den\u00fancias\",\"datePublished\":\"2021-11-11T17:28:28+00:00\",\"dateModified\":\"2023-12-19T16:45:26+00:00\",\"mainEntityOfPage\":{\"@id\":\"https:\/\/ouvidordigital.com.br\/blog\/clima-organizacional-e-canal-de-denuncias\/\"},\"wordCount\":965,\"commentCount\":2543,\"publisher\":{\"@id\":\"https:\/\/ouvidordigital.com.br\/blog\/#organization\"},\"image\":{\"@id\":\"https:\/\/ouvidordigital.com.br\/blog\/clima-organizacional-e-canal-de-denuncias\/#primaryimage\"},\"thumbnailUrl\":\"https:\/\/ouvidordigital.com.br\/blog\/wp-content\/uploads\/2021\/12\/clima-organizacional-1.png\",\"articleSection\":[\"Canal de Den\u00fancias\",\"Recursos Humanos\"],\"inLanguage\":\"pt-BR\",\"potentialAction\":[{\"@type\":\"CommentAction\",\"name\":\"Comment\",\"target\":[\"https:\/\/ouvidordigital.com.br\/blog\/clima-organizacional-e-canal-de-denuncias\/#respond\"]}]},{\"@type\":\"WebPage\",\"@id\":\"https:\/\/ouvidordigital.com.br\/blog\/clima-organizacional-e-canal-de-denuncias\/\",\"url\":\"https:\/\/ouvidordigital.com.br\/blog\/clima-organizacional-e-canal-de-denuncias\/\",\"name\":\"Como aprimorar o clima organizacional com o canal de den\u00fancias\",\"isPartOf\":{\"@id\":\"https:\/\/ouvidordigital.com.br\/blog\/#website\"},\"primaryImageOfPage\":{\"@id\":\"https:\/\/ouvidordigital.com.br\/blog\/clima-organizacional-e-canal-de-denuncias\/#primaryimage\"},\"image\":{\"@id\":\"https:\/\/ouvidordigital.com.br\/blog\/clima-organizacional-e-canal-de-denuncias\/#primaryimage\"},\"thumbnailUrl\":\"https:\/\/ouvidordigital.com.br\/blog\/wp-content\/uploads\/2021\/12\/clima-organizacional-1.png\",\"datePublished\":\"2021-11-11T17:28:28+00:00\",\"dateModified\":\"2023-12-19T16:45:26+00:00\",\"description\":\"Como o canal de den\u00fancias pode auxiliar em um ambiente de trabalho mais saud\u00e1vel e aumentar a produtividade da empresa.\",\"breadcrumb\":{\"@id\":\"https:\/\/ouvidordigital.com.br\/blog\/clima-organizacional-e-canal-de-denuncias\/#breadcrumb\"},\"inLanguage\":\"pt-BR\",\"potentialAction\":[{\"@type\":\"ReadAction\",\"target\":[\"https:\/\/ouvidordigital.com.br\/blog\/clima-organizacional-e-canal-de-denuncias\/\"]}]},{\"@type\":\"ImageObject\",\"inLanguage\":\"pt-BR\",\"@id\":\"https:\/\/ouvidordigital.com.br\/blog\/clima-organizacional-e-canal-de-denuncias\/#primaryimage\",\"url\":\"https:\/\/ouvidordigital.com.br\/blog\/wp-content\/uploads\/2021\/12\/clima-organizacional-1.png\",\"contentUrl\":\"https:\/\/ouvidordigital.com.br\/blog\/wp-content\/uploads\/2021\/12\/clima-organizacional-1.png\",\"width\":790,\"height\":380},{\"@type\":\"BreadcrumbList\",\"@id\":\"https:\/\/ouvidordigital.com.br\/blog\/clima-organizacional-e-canal-de-denuncias\/#breadcrumb\",\"itemListElement\":[{\"@type\":\"ListItem\",\"position\":1,\"name\":\"In\u00edcio\",\"item\":\"https:\/\/ouvidordigital.com.br\/blog\/\"},{\"@type\":\"ListItem\",\"position\":2,\"name\":\"Canal de Den\u00fancias\",\"item\":\"https:\/\/ouvidordigital.com.br\/blog\/categoria\/canal-de-denuncias\/\"},{\"@type\":\"ListItem\",\"position\":3,\"name\":\"Como aprimorar o Clima Organizacional da minha empresa atrav\u00e9s do Canal de Den\u00fancias\"}]},{\"@type\":\"WebSite\",\"@id\":\"https:\/\/ouvidordigital.com.br\/blog\/#website\",\"url\":\"https:\/\/ouvidordigital.com.br\/blog\/\",\"name\":\"Blog do Ouvidor Digital\",\"description\":\"Fique por dentro das novidades do mercado, aspectos regulat\u00f3rios, al\u00e9m de todos os benef\u00edcios da implementa\u00e7\u00e3o de um Canal de Den\u00fancias.\",\"publisher\":{\"@id\":\"https:\/\/ouvidordigital.com.br\/blog\/#organization\"},\"potentialAction\":[{\"@type\":\"SearchAction\",\"target\":{\"@type\":\"EntryPoint\",\"urlTemplate\":\"https:\/\/ouvidordigital.com.br\/blog\/?s={search_term_string}\"},\"query-input\":{\"@type\":\"PropertyValueSpecification\",\"valueRequired\":true,\"valueName\":\"search_term_string\"}}],\"inLanguage\":\"pt-BR\"},{\"@type\":\"Organization\",\"@id\":\"https:\/\/ouvidordigital.com.br\/blog\/#organization\",\"name\":\"Ouvidor Digital\",\"url\":\"https:\/\/ouvidordigital.com.br\/blog\/\",\"logo\":{\"@type\":\"ImageObject\",\"inLanguage\":\"pt-BR\",\"@id\":\"https:\/\/ouvidordigital.com.br\/blog\/#\/schema\/logo\/image\/\",\"url\":\"https:\/\/ouvidordigital.com.br\/blog\/wp-content\/uploads\/2025\/01\/logo_blog_OD_1.png\",\"contentUrl\":\"https:\/\/ouvidordigital.com.br\/blog\/wp-content\/uploads\/2025\/01\/logo_blog_OD_1.png\",\"width\":392,\"height\":260,\"caption\":\"Ouvidor Digital\"},\"image\":{\"@id\":\"https:\/\/ouvidordigital.com.br\/blog\/#\/schema\/logo\/image\/\"},\"sameAs\":[\"https:\/\/www.facebook.com\/ouvidordigital\/\",\"https:\/\/www.linkedin.com\/company\/ouvidor-digital\"]},{\"@type\":\"Person\",\"@id\":\"https:\/\/ouvidordigital.com.br\/blog\/#\/schema\/person\/899f522da00e36350c82866ea5cd1601\",\"name\":\"Paula Puente\",\"image\":{\"@type\":\"ImageObject\",\"inLanguage\":\"pt-BR\",\"@id\":\"https:\/\/ouvidordigital.com.br\/blog\/#\/schema\/person\/image\/\",\"url\":\"https:\/\/secure.gravatar.com\/avatar\/029025b04672d8487dac9271c88aea06f2287c035adf67fa82ed25756970154e?s=96&d=mm&r=g\",\"contentUrl\":\"https:\/\/secure.gravatar.com\/avatar\/029025b04672d8487dac9271c88aea06f2287c035adf67fa82ed25756970154e?s=96&d=mm&r=g\",\"caption\":\"Paula Puente\"},\"url\":\"https:\/\/ouvidordigital.com.br\/blog\/author\/paula-de-la-puente\/\"}]}<\/script>\n<!-- \/ Yoast SEO plugin. -->","yoast_head_json":{"title":"Como aprimorar o clima organizacional com o canal de den\u00fancias","description":"Como o canal de den\u00fancias pode auxiliar em um ambiente de trabalho mais saud\u00e1vel e aumentar a produtividade da empresa.","robots":{"index":"index","follow":"follow","max-snippet":"max-snippet:-1","max-image-preview":"max-image-preview:large","max-video-preview":"max-video-preview:-1"},"canonical":"https:\/\/ouvidordigital.com.br\/blog\/clima-organizacional-e-canal-de-denuncias\/","og_locale":"pt_BR","og_type":"article","og_title":"Como aprimorar o clima organizacional com o canal de den\u00fancias","og_description":"Como o canal de den\u00fancias pode auxiliar em um ambiente de trabalho mais saud\u00e1vel e aumentar a produtividade da empresa.","og_url":"https:\/\/ouvidordigital.com.br\/blog\/clima-organizacional-e-canal-de-denuncias\/","og_site_name":"Canal de Den\u00fancias, o Blog do Ouvidor Digital","article_publisher":"https:\/\/www.facebook.com\/ouvidordigital\/","article_published_time":"2021-11-11T17:28:28+00:00","article_modified_time":"2023-12-19T16:45:26+00:00","og_image":[{"width":790,"height":380,"url":"https:\/\/ouvidordigital.com.br\/blog\/wp-content\/uploads\/2021\/12\/clima-organizacional-1.png","type":"image\/png"}],"author":"Paula Puente","twitter_card":"summary_large_image","twitter_misc":{"Escrito por":"Paula Puente","Est. tempo de leitura":"4 minutos"},"schema":{"@context":"https:\/\/schema.org","@graph":[{"@type":"Article","@id":"https:\/\/ouvidordigital.com.br\/blog\/clima-organizacional-e-canal-de-denuncias\/#article","isPartOf":{"@id":"https:\/\/ouvidordigital.com.br\/blog\/clima-organizacional-e-canal-de-denuncias\/"},"author":{"name":"Paula Puente","@id":"https:\/\/ouvidordigital.com.br\/blog\/#\/schema\/person\/899f522da00e36350c82866ea5cd1601"},"headline":"Como aprimorar o Clima Organizacional da minha empresa atrav\u00e9s do Canal de Den\u00fancias","datePublished":"2021-11-11T17:28:28+00:00","dateModified":"2023-12-19T16:45:26+00:00","mainEntityOfPage":{"@id":"https:\/\/ouvidordigital.com.br\/blog\/clima-organizacional-e-canal-de-denuncias\/"},"wordCount":965,"commentCount":2543,"publisher":{"@id":"https:\/\/ouvidordigital.com.br\/blog\/#organization"},"image":{"@id":"https:\/\/ouvidordigital.com.br\/blog\/clima-organizacional-e-canal-de-denuncias\/#primaryimage"},"thumbnailUrl":"https:\/\/ouvidordigital.com.br\/blog\/wp-content\/uploads\/2021\/12\/clima-organizacional-1.png","articleSection":["Canal de Den\u00fancias","Recursos Humanos"],"inLanguage":"pt-BR","potentialAction":[{"@type":"CommentAction","name":"Comment","target":["https:\/\/ouvidordigital.com.br\/blog\/clima-organizacional-e-canal-de-denuncias\/#respond"]}]},{"@type":"WebPage","@id":"https:\/\/ouvidordigital.com.br\/blog\/clima-organizacional-e-canal-de-denuncias\/","url":"https:\/\/ouvidordigital.com.br\/blog\/clima-organizacional-e-canal-de-denuncias\/","name":"Como aprimorar o clima organizacional com o canal de den\u00fancias","isPartOf":{"@id":"https:\/\/ouvidordigital.com.br\/blog\/#website"},"primaryImageOfPage":{"@id":"https:\/\/ouvidordigital.com.br\/blog\/clima-organizacional-e-canal-de-denuncias\/#primaryimage"},"image":{"@id":"https:\/\/ouvidordigital.com.br\/blog\/clima-organizacional-e-canal-de-denuncias\/#primaryimage"},"thumbnailUrl":"https:\/\/ouvidordigital.com.br\/blog\/wp-content\/uploads\/2021\/12\/clima-organizacional-1.png","datePublished":"2021-11-11T17:28:28+00:00","dateModified":"2023-12-19T16:45:26+00:00","description":"Como o canal de den\u00fancias pode auxiliar em um ambiente de trabalho mais saud\u00e1vel e aumentar a produtividade da empresa.","breadcrumb":{"@id":"https:\/\/ouvidordigital.com.br\/blog\/clima-organizacional-e-canal-de-denuncias\/#breadcrumb"},"inLanguage":"pt-BR","potentialAction":[{"@type":"ReadAction","target":["https:\/\/ouvidordigital.com.br\/blog\/clima-organizacional-e-canal-de-denuncias\/"]}]},{"@type":"ImageObject","inLanguage":"pt-BR","@id":"https:\/\/ouvidordigital.com.br\/blog\/clima-organizacional-e-canal-de-denuncias\/#primaryimage","url":"https:\/\/ouvidordigital.com.br\/blog\/wp-content\/uploads\/2021\/12\/clima-organizacional-1.png","contentUrl":"https:\/\/ouvidordigital.com.br\/blog\/wp-content\/uploads\/2021\/12\/clima-organizacional-1.png","width":790,"height":380},{"@type":"BreadcrumbList","@id":"https:\/\/ouvidordigital.com.br\/blog\/clima-organizacional-e-canal-de-denuncias\/#breadcrumb","itemListElement":[{"@type":"ListItem","position":1,"name":"In\u00edcio","item":"https:\/\/ouvidordigital.com.br\/blog\/"},{"@type":"ListItem","position":2,"name":"Canal de Den\u00fancias","item":"https:\/\/ouvidordigital.com.br\/blog\/categoria\/canal-de-denuncias\/"},{"@type":"ListItem","position":3,"name":"Como aprimorar o Clima Organizacional da minha empresa atrav\u00e9s do Canal de Den\u00fancias"}]},{"@type":"WebSite","@id":"https:\/\/ouvidordigital.com.br\/blog\/#website","url":"https:\/\/ouvidordigital.com.br\/blog\/","name":"Blog do Ouvidor Digital","description":"Fique por dentro das novidades do mercado, aspectos regulat\u00f3rios, al\u00e9m de todos os benef\u00edcios da implementa\u00e7\u00e3o de um Canal de Den\u00fancias.","publisher":{"@id":"https:\/\/ouvidordigital.com.br\/blog\/#organization"},"potentialAction":[{"@type":"SearchAction","target":{"@type":"EntryPoint","urlTemplate":"https:\/\/ouvidordigital.com.br\/blog\/?s={search_term_string}"},"query-input":{"@type":"PropertyValueSpecification","valueRequired":true,"valueName":"search_term_string"}}],"inLanguage":"pt-BR"},{"@type":"Organization","@id":"https:\/\/ouvidordigital.com.br\/blog\/#organization","name":"Ouvidor Digital","url":"https:\/\/ouvidordigital.com.br\/blog\/","logo":{"@type":"ImageObject","inLanguage":"pt-BR","@id":"https:\/\/ouvidordigital.com.br\/blog\/#\/schema\/logo\/image\/","url":"https:\/\/ouvidordigital.com.br\/blog\/wp-content\/uploads\/2025\/01\/logo_blog_OD_1.png","contentUrl":"https:\/\/ouvidordigital.com.br\/blog\/wp-content\/uploads\/2025\/01\/logo_blog_OD_1.png","width":392,"height":260,"caption":"Ouvidor Digital"},"image":{"@id":"https:\/\/ouvidordigital.com.br\/blog\/#\/schema\/logo\/image\/"},"sameAs":["https:\/\/www.facebook.com\/ouvidordigital\/","https:\/\/www.linkedin.com\/company\/ouvidor-digital"]},{"@type":"Person","@id":"https:\/\/ouvidordigital.com.br\/blog\/#\/schema\/person\/899f522da00e36350c82866ea5cd1601","name":"Paula Puente","image":{"@type":"ImageObject","inLanguage":"pt-BR","@id":"https:\/\/ouvidordigital.com.br\/blog\/#\/schema\/person\/image\/","url":"https:\/\/secure.gravatar.com\/avatar\/029025b04672d8487dac9271c88aea06f2287c035adf67fa82ed25756970154e?s=96&d=mm&r=g","contentUrl":"https:\/\/secure.gravatar.com\/avatar\/029025b04672d8487dac9271c88aea06f2287c035adf67fa82ed25756970154e?s=96&d=mm&r=g","caption":"Paula Puente"},"url":"https:\/\/ouvidordigital.com.br\/blog\/author\/paula-de-la-puente\/"}]}},"_links":{"self":[{"href":"https:\/\/ouvidordigital.com.br\/blog\/wp-json\/wp\/v2\/posts\/2401","targetHints":{"allow":["GET"]}}],"collection":[{"href":"https:\/\/ouvidordigital.com.br\/blog\/wp-json\/wp\/v2\/posts"}],"about":[{"href":"https:\/\/ouvidordigital.com.br\/blog\/wp-json\/wp\/v2\/types\/post"}],"author":[{"embeddable":true,"href":"https:\/\/ouvidordigital.com.br\/blog\/wp-json\/wp\/v2\/users\/2"}],"replies":[{"embeddable":true,"href":"https:\/\/ouvidordigital.com.br\/blog\/wp-json\/wp\/v2\/comments?post=2401"}],"version-history":[{"count":0,"href":"https:\/\/ouvidordigital.com.br\/blog\/wp-json\/wp\/v2\/posts\/2401\/revisions"}],"wp:featuredmedia":[{"embeddable":true,"href":"https:\/\/ouvidordigital.com.br\/blog\/wp-json\/wp\/v2\/media\/2499"}],"wp:attachment":[{"href":"https:\/\/ouvidordigital.com.br\/blog\/wp-json\/wp\/v2\/media?parent=2401"}],"wp:term":[{"taxonomy":"category","embeddable":true,"href":"https:\/\/ouvidordigital.com.br\/blog\/wp-json\/wp\/v2\/categories?post=2401"},{"taxonomy":"post_tag","embeddable":true,"href":"https:\/\/ouvidordigital.com.br\/blog\/wp-json\/wp\/v2\/tags?post=2401"}],"curies":[{"name":"wp","href":"https:\/\/api.w.org\/{rel}","templated":true}]}}