{"id":2607,"date":"2022-03-09T19:59:28","date_gmt":"2022-03-09T22:59:28","guid":{"rendered":"https:\/\/ouvidordigital.com.br\/blog\/?p=2607"},"modified":"2023-12-19T13:25:40","modified_gmt":"2023-12-19T16:25:40","slug":"compliance-governanca-diversidade-e-inclusao","status":"publish","type":"post","link":"https:\/\/ouvidordigital.com.br\/blog\/compliance-governanca-diversidade-e-inclusao\/","title":{"rendered":"O Protagonismo do Compliance e da Governan\u00e7a no avan\u00e7o da Diversidade e Inclus\u00e3o dentro das Organiza\u00e7\u00f5es"},"content":{"rendered":"\n<figure class=\"wp-block-image size-full\"><img loading=\"lazy\" decoding=\"async\" width=\"900\" height=\"600\" src=\"https:\/\/ouvidordigital.com.br\/blog\/\/blog\/wp-content\/uploads\/2022\/03\/2407778-dentro-do-post.jpg\" alt=\"\" class=\"wp-image-2635\" srcset=\"https:\/\/ouvidordigital.com.br\/blog\/wp-content\/uploads\/2022\/03\/2407778-dentro-do-post.jpg 900w, https:\/\/ouvidordigital.com.br\/blog\/wp-content\/uploads\/2022\/03\/2407778-dentro-do-post-300x200.jpg 300w, https:\/\/ouvidordigital.com.br\/blog\/wp-content\/uploads\/2022\/03\/2407778-dentro-do-post-768x512.jpg 768w, https:\/\/ouvidordigital.com.br\/blog\/wp-content\/uploads\/2022\/03\/2407778-dentro-do-post-610x407.jpg 610w\" sizes=\"auto, (max-width: 900px) 100vw, 900px\" \/><\/figure>\n\n\n\n<p><\/p>\n\n\n\n<p>A sociedade est\u00e1 cada vez mais exigente em rela\u00e7\u00e3o \u00e0 responsabilidade social das empresas na luta contra o preconceito. Todas as frentes de atua\u00e7\u00e3o da cultura interna, entre elas o comportamento dos colaboradores, geram impacto significativo na percep\u00e7\u00e3o do p\u00fablico sobre o perfil da institui\u00e7\u00e3o. Voc\u00ea vai ver saber aqui como trabalhar o protagonismo das \u00e1reas de compliance e governan\u00e7a no avan\u00e7o da diversidade e inclus\u00e3o.<\/p>\n\n\n\n<p>N\u00e3o s\u00e3o raras as ocorr\u00eancias de discrimina\u00e7\u00e3o provenientes de condutas de colaboradores, e que repercutem negativamente nas redes sociais, refletindo na reputa\u00e7\u00e3o e, consequentemente, nos resultados financeiros da empresa. Por isso, \u00e9 muito importante trabalhar em prol de uma cultura interna s\u00f3lida, em que todos estejam alinhados com os valores da \u00e9tica. E, ambas as \u00e1reas podem ser a pe\u00e7a-chave para impulsionar mudan\u00e7as reais em rela\u00e7\u00e3o \u00e0 diversidade e inclus\u00e3o.&nbsp;<\/p>\n\n\n\n<p>No artigo de hoje, expomos alguns insights sobre esse protagonismo.<\/p>\n\n\n\n<h2 class=\"wp-block-heading\">Entenda o avan\u00e7o nos conceitos Diversidade e Inclus\u00e3o<\/h2>\n\n\n\n<p>A tem\u00e1tica Diversidade e Inclus\u00e3o \u00e9 t\u00e3o emergente quanto urgente. Entretanto, focar nestes paralelos temporais pode te levar a decis\u00f5es precipitadas ao implementar as pol\u00edticas de inclus\u00e3o na sua empresa. \u00c9 importante ter calma e paci\u00eancia para entender que as transforma\u00e7\u00f5es culturais n\u00e3o acontecem rapidamente.&nbsp;<\/p>\n\n\n\n<p>O ponto de partida desta jornada \u00e9 compreender a diferen\u00e7a entre os dois conceitos: Diversidade e Inclus\u00e3o. Porque em geral, costumamos ter uma vis\u00e3o muito superficial sobre o assunto.<\/p>\n\n\n\n<p>As duas palavras costumam andar juntas, o que pode causar uma certa confus\u00e3o.&nbsp; Na realidade, as duas remetem a significados diferentes, mas s\u00e3o complementares.&nbsp;<\/p>\n\n\n\n<p>O que \u00e9 diversidade?<\/p>\n\n\n\n<p>Voc\u00ea j\u00e1 parou para pensar como voc\u00ea \u00e9 um ser \u00fanico e \u00e9 diferente de todos os que est\u00e3o ao seu redor &#8211; e como todos s\u00e3o diferentes entre si tamb\u00e9m? S\u00e3o estas diferen\u00e7as e caracter\u00edsticas que formam a nossa identidade pessoal.&nbsp;<\/p>\n\n\n\n<p>A diversidade pode ser definida como um conjunto de diferen\u00e7as e semelhan\u00e7as, segundo o g\u00eanero, etnia, orienta\u00e7\u00e3o sexual, defici\u00eancia, idade, religi\u00e3o ou nacionalidade que definem as pessoas e as tornam \u00fanicas.<\/p>\n\n\n\n<p>O que \u00e9 inclus\u00e3o?<\/p>\n\n\n\n<p>&nbsp;A inclus\u00e3o pode ser compreendida como um conjunto de a\u00e7\u00f5es que combatem a exclus\u00e3o das minorias, provocadas pela diferen\u00e7a de ra\u00e7a, classe social, g\u00eanero, defici\u00eancia, orienta\u00e7\u00e3o sexual,&nbsp; entre outros fatores sociais.<\/p>\n\n\n\n<p>Desta forma, n\u00e3o \u00e9 poss\u00edvel implementar pol\u00edticas de diversidade na empresa sem colocar em pr\u00e1tica o pilar da inclus\u00e3o social.<\/p>\n\n\n\n<h3 class=\"wp-block-heading\">Vamos pensar no cen\u00e1rio atual da diversidade e inclus\u00e3o nas organiza\u00e7\u00f5es do Brasil?<\/h3>\n\n\n\n<p>De acordo com a Kantar Inclusion Index, o Brasil ocupa o 7\u00ba lugar no ranking de inclus\u00e3o e diversidade, ficando ao lado de Cingapura e M\u00e9xico. A discrimina\u00e7\u00e3o \u00e9 um dos maiores problemas enfrentados pelos&nbsp; brasileiros no ambiente corporativo.&nbsp;<\/p>\n\n\n\n<p>Uma mulher negra recebia metade do valor de um homem branco e correspondia a apenas a 7% das contrata\u00e7\u00f5es do Estado de S\u00e3o Paulo no ano de 2020, segundo uma pesquisa realizada pela Box1824, em conjunto com o <a href=\"https:\/\/www.linkedin.com\/company\/indique-co\/about\/\" target=\"_blank\" rel=\"noreferrer noopener\">Indique uma Preta<\/a>, institui\u00e7\u00e3o c\u00edvica e social que atua como consultoria de conex\u00f5es entre a comunidade negra e o mercado de trabalho.<\/p>\n\n\n\n<p>Ambos estudos escancaram a falta de representatividade, equidade e inclus\u00e3o nas empresas brasileiras. Precisamos sim de um avan\u00e7o significativo, precisamos ir al\u00e9m das discuss\u00f5es e abrir mais espa\u00e7o para as pr\u00e1ticas reais. Entretanto, n\u00e3o podemos negar que, mesmo a passos curtos, estamos caminhando ao ideal: a concep\u00e7\u00e3o de que o tema n\u00e3o passa de um modismo est\u00e1 caindo por terra e dando lugar a consci\u00eancia de que ele veio para ficar e reverter este cen\u00e1rio!&nbsp; <\/p>\n\n\n\n<p>E, como uma tend\u00eancia atemporal, a diversidade est\u00e1 cada vez mais sendo incorporada \u00e0 agenda ESG das organiza\u00e7\u00f5es, e j\u00e1 considerada um pilar de vantagem competitiva. As empresas que apostam em times diversos t\u00eam probabilidade 59% maior de superar a performance financeira do que seus pares. E aquelas que se preocupam com a diversidade constroem equipes mais felizes e engajadas com sua marca, refletindo na redu\u00e7\u00e3o das taxas de turnover, de acordo com um <a href=\"https:\/\/www.mckinsey.com\/br\/our-insights\/diversity-matters-america-latina\" target=\"_blank\" rel=\"noreferrer noopener\">levantamento<\/a> feito pela Mc Kinsey em 2020.&nbsp;<\/p>\n\n\n\n<p>J\u00e1 \u00e9 um fato: uma cultura interna bem definida transforma o esp\u00edrito da empresa. Valorizar as diferen\u00e7as fortalece o clima organizacional e aumenta a produtividade dos colaboradores.&nbsp;<\/p>\n\n\n\n<h4 class=\"wp-block-heading\">E, ent\u00e3o? Como o Compliance e a Governa\u00e7a podem ser os protagonistas na contribui\u00e7\u00e3o com o avan\u00e7o da diversidade e inclus\u00e3o dentro das organiza\u00e7\u00f5es?<\/h4>\n\n\n\n<p><\/p>\n\n\n\n<p>Estamos encarando um movimento de cobran\u00e7as no mercado corporativo sobre responsabilidades sociais, ambientais e governamentais e, principalmente sobre o walk the talk (express\u00e3o muito usada e que significa \u201candar\u201d de acordo com as suas palavras), no sentido de que as a\u00e7\u00f5es da organiza\u00e7\u00e3o devem estar condizentes com os seus discursos e, indo mais al\u00e9m, que estes n\u00e3o devem ficar apenas na teoria.<\/p>\n\n\n\n<p>Precisamos de empresas que estejam dispostas a botar a m\u00e3o na massa e fazer a diferen\u00e7a na sociedade. E as \u00e1reas de compliance e governan\u00e7a podem ajudar a estas institui\u00e7\u00f5es a realizar a\u00e7\u00f5es concretas e a solidificar os seus esfor\u00e7os, conduzindo cada movimento com base em preceitos \u00e9ticos e relacionamentos que acolhem o ser humano, independente de fatores sociais.<\/p>\n\n\n\n<p>O desafio de inserir os pilares da diversidade e inclus\u00e3o na cultura \u00e9tica da empresa demanda das \u00e1reas de <a href=\"https:\/\/ouvidordigital.com.br\/blog\/\/blog\/6-pilares-de-um-programa-de-compliance\/\" target=\"_blank\" rel=\"noreferrer noopener\">compliance<\/a> e governan\u00e7a um posicionamento disruptivo, com vis\u00e3o hol\u00edstica para alcan\u00e7ar igualmente todas as esferas da organiza\u00e7\u00e3o, a fim de inspirar e engajar colaboradores e outros stakeholders nas novas pr\u00e1ticas.<\/p>\n\n\n\n<ul class=\"wp-block-list\">\n<li>Sua empresa contrata LGBTs?<\/li>\n\n\n\n<li>Como lida com a contrata\u00e7\u00e3o de m\u00e3es?<\/li>\n\n\n\n<li>Quantos negros e quantas mulheres existem na sua equipe?<\/li>\n\n\n\n<li>Existem deficientes em sua empresa?<\/li>\n\n\n\n<li>Qual \u00e9 a dimens\u00e3o da lideran\u00e7a feminina?<\/li>\n\n\n\n<li>Todos(as\/es) s\u00e3o tratados com respeito e empatia?<\/li>\n\n\n\n<li>Diversidade e Inclus\u00e3o s\u00e3o contemplados no C\u00f3digo de \u00c9tica e no Programa de Boas Pr\u00e1ticas de Governan\u00e7a?<\/li>\n<\/ul>\n\n\n\n<p>\u00c9 preciso pontuar quest\u00f5es como estas para avaliar quanto a sua empresa investe em inclus\u00e3o e diversidade.&nbsp;<\/p>\n\n\n\n<p>Neste processo, \u00e9 importante que a alta lideran\u00e7a esteja engajada com o prop\u00f3sito e que ele seja absorvido como prioridade estrat\u00e9gica de toda empresa. \u00c9 essencial que os l\u00edderes reconhe\u00e7am que s\u00e3o tamb\u00e9m parte do problema e da solu\u00e7\u00e3o, e que, assim, as suas a\u00e7\u00f5es contribuem com a evolu\u00e7\u00e3o da cultura organizacional da empresa.<\/p>\n\n\n\n<p>Sem esquecer que, a educa\u00e7\u00e3o \u00e9 primordial para efetivar mudan\u00e7as saud\u00e1veis e colaborativas. Os protagonistas devem olhar para a necessidade de se realizar treinamentos e trabalhar diariamente a comunica\u00e7\u00e3o sobre pol\u00edticas antidiscrimina\u00e7\u00e3o.<\/p>\n\n\n\n<p>E t\u00e3o importante quanto a\u00e7\u00f5es educativas, vale a pena investir em tecnologias como ferramentas aliadas da cultura \u00e9tica, que possibilitem, por exemplo, detectar, conduzir,  monitorar e reduzir ocorr\u00eancias como ass\u00e9dio moral, ass\u00e9dio sexual, discrimina\u00e7\u00e3o e bullying.<\/p>\n\n\n\n<p>\u00a0Visto como um mecanismo ideal para inibir comportamentos que n\u00e3o condizem com o C\u00f3digo de \u00c9tica da organiza\u00e7\u00e3o, um <a href=\"https:\/\/ouvidordigital.com.br\/blog\/\/\" target=\"_blank\" rel=\"noreferrer noopener\">canal de den\u00fancias<\/a> terceirizado pode ser um dos principais pilares do Programa de Compliance. Atrav\u00e9s dele, a v\u00edtima se sente segura para relatar de forma an\u00f4nima tais irregularidades.<\/p>\n\n\n\n<p>S\u00e3o iniciativas como estas que promovem um ambiente mais igualit\u00e1rio, acolhedor, \u00e9tico e justo para todos.&nbsp;<\/p>\n\n\n\n<p><em>Da Reda\u00e7\u00e3o<\/em> <em>Ouvidor Digital<\/em><\/p>\n","protected":false},"excerpt":{"rendered":"<p>Compliance e diversidade<\/p>\n","protected":false},"author":6,"featured_media":2636,"comment_status":"open","ping_status":"open","sticky":false,"template":"","format":"standard","meta":{"_acf_changed":false,"footnotes":""},"categories":[37,46],"tags":[],"class_list":["post-2607","post","type-post","status-publish","format-standard","has-post-thumbnail","hentry","category-compliance","category-recursos-humanos"],"acf":[],"yoast_head":"<!-- This site is optimized with the Yoast SEO plugin v27.0 - https:\/\/yoast.com\/product\/yoast-seo-wordpress\/ -->\n<title>Compliance e Governan\u00e7a no avan\u00e7o da Diversidade e Inclus\u00e3o<\/title>\n<meta name=\"description\" content=\"As atividades de Compliance e a Governan\u00e7a s\u00e3o essenciais no avan\u00e7o da diversidade e inclus\u00e3o dentro das organiza\u00e7\u00f5es.\" \/>\n<meta name=\"robots\" content=\"index, follow, max-snippet:-1, max-image-preview:large, max-video-preview:-1\" \/>\n<link rel=\"canonical\" href=\"https:\/\/ouvidordigital.com.br\/blog\/compliance-governanca-diversidade-e-inclusao\/\" \/>\n<meta property=\"og:locale\" content=\"pt_BR\" \/>\n<meta property=\"og:type\" content=\"article\" \/>\n<meta property=\"og:title\" content=\"O Protagonismo do Compliance e da Governan\u00e7a no avan\u00e7o da Diversidade e Inclus\u00e3o\" \/>\n<meta property=\"og:description\" content=\"A sociedade est\u00e1 cada vez mais exigente em rela\u00e7\u00e3o \u00e0 responsabilidade social das empresas na luta contra o preconceito. \u00c9 a partir desta realidade, que o protagonismo das \u00e1reas de compliance e governan\u00e7a \u00e9 considerado essencial dentro das organiza\u00e7\u00f5es.\" \/>\n<meta property=\"og:url\" content=\"https:\/\/ouvidordigital.com.br\/blog\/compliance-governanca-diversidade-e-inclusao\/\" \/>\n<meta property=\"og:site_name\" content=\"Canal de Den\u00fancias, o Blog do Ouvidor Digital\" \/>\n<meta property=\"article:publisher\" content=\"https:\/\/www.facebook.com\/ouvidordigital\/\" \/>\n<meta property=\"article:published_time\" content=\"2022-03-09T22:59:28+00:00\" \/>\n<meta property=\"article:modified_time\" content=\"2023-12-19T16:25:40+00:00\" \/>\n<meta property=\"og:image\" content=\"https:\/\/ouvidordigital.com.br\/blog\/wp-content\/uploads\/2022\/03\/Copia-de-Imagem-do-topo-3.png\" \/>\n\t<meta property=\"og:image:width\" content=\"900\" \/>\n\t<meta property=\"og:image:height\" content=\"600\" \/>\n\t<meta property=\"og:image:type\" content=\"image\/png\" \/>\n<meta name=\"author\" content=\"Tain\u00e1 Damaceno\" \/>\n<meta name=\"twitter:card\" content=\"summary_large_image\" \/>\n<meta name=\"twitter:title\" content=\"O Protagonismo do Compliance e da Governan\u00e7a no avan\u00e7o da Diversidade e Inclus\u00e3o\" \/>\n<meta name=\"twitter:description\" content=\"A sociedade est\u00e1 cada vez mais exigente em rela\u00e7\u00e3o \u00e0 responsabilidade social das empresas na luta contra o preconceito. \u00c9 a partir desta realidade, que o protagonismo das \u00e1reas de compliance e governan\u00e7a \u00e9 considerado essencial dentro das organiza\u00e7\u00f5es.\" \/>\n<meta name=\"twitter:image\" content=\"https:\/\/ouvidordigital.com.br\/blog\/wp-content\/uploads\/2022\/03\/Copia-de-Imagem-do-topo-3.png\" \/>\n<meta name=\"twitter:label1\" content=\"Escrito por\" \/>\n\t<meta name=\"twitter:data1\" content=\"Tain\u00e1 Damaceno\" \/>\n\t<meta name=\"twitter:label2\" content=\"Est. tempo de leitura\" \/>\n\t<meta name=\"twitter:data2\" content=\"7 minutos\" \/>\n<script type=\"application\/ld+json\" class=\"yoast-schema-graph\">{\"@context\":\"https:\/\/schema.org\",\"@graph\":[{\"@type\":\"Article\",\"@id\":\"https:\/\/ouvidordigital.com.br\/blog\/compliance-governanca-diversidade-e-inclusao\/#article\",\"isPartOf\":{\"@id\":\"https:\/\/ouvidordigital.com.br\/blog\/compliance-governanca-diversidade-e-inclusao\/\"},\"author\":{\"name\":\"Tain\u00e1 Damaceno\",\"@id\":\"https:\/\/ouvidordigital.com.br\/blog\/#\/schema\/person\/4b247af12c7aaa2ff8c9e9e7d3780d52\"},\"headline\":\"O Protagonismo do Compliance e da Governan\u00e7a no avan\u00e7o da Diversidade e Inclus\u00e3o dentro das Organiza\u00e7\u00f5es\",\"datePublished\":\"2022-03-09T22:59:28+00:00\",\"dateModified\":\"2023-12-19T16:25:40+00:00\",\"mainEntityOfPage\":{\"@id\":\"https:\/\/ouvidordigital.com.br\/blog\/compliance-governanca-diversidade-e-inclusao\/\"},\"wordCount\":1304,\"commentCount\":6900,\"publisher\":{\"@id\":\"https:\/\/ouvidordigital.com.br\/blog\/#organization\"},\"image\":{\"@id\":\"https:\/\/ouvidordigital.com.br\/blog\/compliance-governanca-diversidade-e-inclusao\/#primaryimage\"},\"thumbnailUrl\":\"https:\/\/ouvidordigital.com.br\/blog\/wp-content\/uploads\/2022\/03\/2407778-destaque.jpg\",\"articleSection\":[\"Compliance\",\"Recursos Humanos\"],\"inLanguage\":\"pt-BR\",\"potentialAction\":[{\"@type\":\"CommentAction\",\"name\":\"Comment\",\"target\":[\"https:\/\/ouvidordigital.com.br\/blog\/compliance-governanca-diversidade-e-inclusao\/#respond\"]}]},{\"@type\":\"WebPage\",\"@id\":\"https:\/\/ouvidordigital.com.br\/blog\/compliance-governanca-diversidade-e-inclusao\/\",\"url\":\"https:\/\/ouvidordigital.com.br\/blog\/compliance-governanca-diversidade-e-inclusao\/\",\"name\":\"Compliance e Governan\u00e7a no avan\u00e7o da Diversidade e Inclus\u00e3o\",\"isPartOf\":{\"@id\":\"https:\/\/ouvidordigital.com.br\/blog\/#website\"},\"primaryImageOfPage\":{\"@id\":\"https:\/\/ouvidordigital.com.br\/blog\/compliance-governanca-diversidade-e-inclusao\/#primaryimage\"},\"image\":{\"@id\":\"https:\/\/ouvidordigital.com.br\/blog\/compliance-governanca-diversidade-e-inclusao\/#primaryimage\"},\"thumbnailUrl\":\"https:\/\/ouvidordigital.com.br\/blog\/wp-content\/uploads\/2022\/03\/2407778-destaque.jpg\",\"datePublished\":\"2022-03-09T22:59:28+00:00\",\"dateModified\":\"2023-12-19T16:25:40+00:00\",\"description\":\"As atividades de Compliance e a Governan\u00e7a s\u00e3o essenciais no avan\u00e7o da diversidade e inclus\u00e3o dentro das organiza\u00e7\u00f5es.\",\"breadcrumb\":{\"@id\":\"https:\/\/ouvidordigital.com.br\/blog\/compliance-governanca-diversidade-e-inclusao\/#breadcrumb\"},\"inLanguage\":\"pt-BR\",\"potentialAction\":[{\"@type\":\"ReadAction\",\"target\":[\"https:\/\/ouvidordigital.com.br\/blog\/compliance-governanca-diversidade-e-inclusao\/\"]}]},{\"@type\":\"ImageObject\",\"inLanguage\":\"pt-BR\",\"@id\":\"https:\/\/ouvidordigital.com.br\/blog\/compliance-governanca-diversidade-e-inclusao\/#primaryimage\",\"url\":\"https:\/\/ouvidordigital.com.br\/blog\/wp-content\/uploads\/2022\/03\/2407778-destaque.jpg\",\"contentUrl\":\"https:\/\/ouvidordigital.com.br\/blog\/wp-content\/uploads\/2022\/03\/2407778-destaque.jpg\",\"width\":437,\"height\":261},{\"@type\":\"BreadcrumbList\",\"@id\":\"https:\/\/ouvidordigital.com.br\/blog\/compliance-governanca-diversidade-e-inclusao\/#breadcrumb\",\"itemListElement\":[{\"@type\":\"ListItem\",\"position\":1,\"name\":\"In\u00edcio\",\"item\":\"https:\/\/ouvidordigital.com.br\/blog\/\"},{\"@type\":\"ListItem\",\"position\":2,\"name\":\"Compliance\",\"item\":\"https:\/\/ouvidordigital.com.br\/blog\/categoria\/compliance\/\"},{\"@type\":\"ListItem\",\"position\":3,\"name\":\"O Protagonismo do Compliance e da Governan\u00e7a no avan\u00e7o da Diversidade e Inclus\u00e3o dentro das Organiza\u00e7\u00f5es\"}]},{\"@type\":\"WebSite\",\"@id\":\"https:\/\/ouvidordigital.com.br\/blog\/#website\",\"url\":\"https:\/\/ouvidordigital.com.br\/blog\/\",\"name\":\"Blog do Ouvidor Digital\",\"description\":\"Fique por dentro das novidades do mercado, aspectos regulat\u00f3rios, al\u00e9m de todos os benef\u00edcios da implementa\u00e7\u00e3o de um Canal de Den\u00fancias.\",\"publisher\":{\"@id\":\"https:\/\/ouvidordigital.com.br\/blog\/#organization\"},\"potentialAction\":[{\"@type\":\"SearchAction\",\"target\":{\"@type\":\"EntryPoint\",\"urlTemplate\":\"https:\/\/ouvidordigital.com.br\/blog\/?s={search_term_string}\"},\"query-input\":{\"@type\":\"PropertyValueSpecification\",\"valueRequired\":true,\"valueName\":\"search_term_string\"}}],\"inLanguage\":\"pt-BR\"},{\"@type\":\"Organization\",\"@id\":\"https:\/\/ouvidordigital.com.br\/blog\/#organization\",\"name\":\"Ouvidor Digital\",\"url\":\"https:\/\/ouvidordigital.com.br\/blog\/\",\"logo\":{\"@type\":\"ImageObject\",\"inLanguage\":\"pt-BR\",\"@id\":\"https:\/\/ouvidordigital.com.br\/blog\/#\/schema\/logo\/image\/\",\"url\":\"https:\/\/ouvidordigital.com.br\/blog\/wp-content\/uploads\/2025\/01\/logo_blog_OD_1.png\",\"contentUrl\":\"https:\/\/ouvidordigital.com.br\/blog\/wp-content\/uploads\/2025\/01\/logo_blog_OD_1.png\",\"width\":392,\"height\":260,\"caption\":\"Ouvidor Digital\"},\"image\":{\"@id\":\"https:\/\/ouvidordigital.com.br\/blog\/#\/schema\/logo\/image\/\"},\"sameAs\":[\"https:\/\/www.facebook.com\/ouvidordigital\/\",\"https:\/\/www.linkedin.com\/company\/ouvidor-digital\"]},{\"@type\":\"Person\",\"@id\":\"https:\/\/ouvidordigital.com.br\/blog\/#\/schema\/person\/4b247af12c7aaa2ff8c9e9e7d3780d52\",\"name\":\"Tain\u00e1 Damaceno\",\"image\":{\"@type\":\"ImageObject\",\"inLanguage\":\"pt-BR\",\"@id\":\"https:\/\/ouvidordigital.com.br\/blog\/#\/schema\/person\/image\/\",\"url\":\"https:\/\/secure.gravatar.com\/avatar\/d09d0ab093db7e7892751dd20c6cdf758bf59632c2cb0458f454ffb01fa820b9?s=96&d=mm&r=g\",\"contentUrl\":\"https:\/\/secure.gravatar.com\/avatar\/d09d0ab093db7e7892751dd20c6cdf758bf59632c2cb0458f454ffb01fa820b9?s=96&d=mm&r=g\",\"caption\":\"Tain\u00e1 Damaceno\"},\"url\":\"https:\/\/ouvidordigital.com.br\/blog\/author\/tainadamaceno07\/\"}]}<\/script>\n<!-- \/ Yoast SEO plugin. -->","yoast_head_json":{"title":"Compliance e Governan\u00e7a no avan\u00e7o da Diversidade e Inclus\u00e3o","description":"As atividades de Compliance e a Governan\u00e7a s\u00e3o essenciais no avan\u00e7o da diversidade e inclus\u00e3o dentro das organiza\u00e7\u00f5es.","robots":{"index":"index","follow":"follow","max-snippet":"max-snippet:-1","max-image-preview":"max-image-preview:large","max-video-preview":"max-video-preview:-1"},"canonical":"https:\/\/ouvidordigital.com.br\/blog\/compliance-governanca-diversidade-e-inclusao\/","og_locale":"pt_BR","og_type":"article","og_title":"O Protagonismo do Compliance e da Governan\u00e7a no avan\u00e7o da Diversidade e Inclus\u00e3o","og_description":"A sociedade est\u00e1 cada vez mais exigente em rela\u00e7\u00e3o \u00e0 responsabilidade social das empresas na luta contra o preconceito. \u00c9 a partir desta realidade, que o protagonismo das \u00e1reas de compliance e governan\u00e7a \u00e9 considerado essencial dentro das organiza\u00e7\u00f5es.","og_url":"https:\/\/ouvidordigital.com.br\/blog\/compliance-governanca-diversidade-e-inclusao\/","og_site_name":"Canal de Den\u00fancias, o Blog do Ouvidor Digital","article_publisher":"https:\/\/www.facebook.com\/ouvidordigital\/","article_published_time":"2022-03-09T22:59:28+00:00","article_modified_time":"2023-12-19T16:25:40+00:00","og_image":[{"width":900,"height":600,"url":"https:\/\/ouvidordigital.com.br\/blog\/wp-content\/uploads\/2022\/03\/Copia-de-Imagem-do-topo-3.png","type":"image\/png"}],"author":"Tain\u00e1 Damaceno","twitter_card":"summary_large_image","twitter_title":"O Protagonismo do Compliance e da Governan\u00e7a no avan\u00e7o da Diversidade e Inclus\u00e3o","twitter_description":"A sociedade est\u00e1 cada vez mais exigente em rela\u00e7\u00e3o \u00e0 responsabilidade social das empresas na luta contra o preconceito. \u00c9 a partir desta realidade, que o protagonismo das \u00e1reas de compliance e governan\u00e7a \u00e9 considerado essencial dentro das organiza\u00e7\u00f5es.","twitter_image":"https:\/\/ouvidordigital.com.br\/blog\/wp-content\/uploads\/2022\/03\/Copia-de-Imagem-do-topo-3.png","twitter_misc":{"Escrito por":"Tain\u00e1 Damaceno","Est. tempo de leitura":"7 minutos"},"schema":{"@context":"https:\/\/schema.org","@graph":[{"@type":"Article","@id":"https:\/\/ouvidordigital.com.br\/blog\/compliance-governanca-diversidade-e-inclusao\/#article","isPartOf":{"@id":"https:\/\/ouvidordigital.com.br\/blog\/compliance-governanca-diversidade-e-inclusao\/"},"author":{"name":"Tain\u00e1 Damaceno","@id":"https:\/\/ouvidordigital.com.br\/blog\/#\/schema\/person\/4b247af12c7aaa2ff8c9e9e7d3780d52"},"headline":"O Protagonismo do Compliance e da Governan\u00e7a no avan\u00e7o da Diversidade e Inclus\u00e3o dentro das Organiza\u00e7\u00f5es","datePublished":"2022-03-09T22:59:28+00:00","dateModified":"2023-12-19T16:25:40+00:00","mainEntityOfPage":{"@id":"https:\/\/ouvidordigital.com.br\/blog\/compliance-governanca-diversidade-e-inclusao\/"},"wordCount":1304,"commentCount":6900,"publisher":{"@id":"https:\/\/ouvidordigital.com.br\/blog\/#organization"},"image":{"@id":"https:\/\/ouvidordigital.com.br\/blog\/compliance-governanca-diversidade-e-inclusao\/#primaryimage"},"thumbnailUrl":"https:\/\/ouvidordigital.com.br\/blog\/wp-content\/uploads\/2022\/03\/2407778-destaque.jpg","articleSection":["Compliance","Recursos Humanos"],"inLanguage":"pt-BR","potentialAction":[{"@type":"CommentAction","name":"Comment","target":["https:\/\/ouvidordigital.com.br\/blog\/compliance-governanca-diversidade-e-inclusao\/#respond"]}]},{"@type":"WebPage","@id":"https:\/\/ouvidordigital.com.br\/blog\/compliance-governanca-diversidade-e-inclusao\/","url":"https:\/\/ouvidordigital.com.br\/blog\/compliance-governanca-diversidade-e-inclusao\/","name":"Compliance e Governan\u00e7a no avan\u00e7o da Diversidade e Inclus\u00e3o","isPartOf":{"@id":"https:\/\/ouvidordigital.com.br\/blog\/#website"},"primaryImageOfPage":{"@id":"https:\/\/ouvidordigital.com.br\/blog\/compliance-governanca-diversidade-e-inclusao\/#primaryimage"},"image":{"@id":"https:\/\/ouvidordigital.com.br\/blog\/compliance-governanca-diversidade-e-inclusao\/#primaryimage"},"thumbnailUrl":"https:\/\/ouvidordigital.com.br\/blog\/wp-content\/uploads\/2022\/03\/2407778-destaque.jpg","datePublished":"2022-03-09T22:59:28+00:00","dateModified":"2023-12-19T16:25:40+00:00","description":"As atividades de Compliance e a Governan\u00e7a s\u00e3o essenciais no avan\u00e7o da diversidade e inclus\u00e3o dentro das organiza\u00e7\u00f5es.","breadcrumb":{"@id":"https:\/\/ouvidordigital.com.br\/blog\/compliance-governanca-diversidade-e-inclusao\/#breadcrumb"},"inLanguage":"pt-BR","potentialAction":[{"@type":"ReadAction","target":["https:\/\/ouvidordigital.com.br\/blog\/compliance-governanca-diversidade-e-inclusao\/"]}]},{"@type":"ImageObject","inLanguage":"pt-BR","@id":"https:\/\/ouvidordigital.com.br\/blog\/compliance-governanca-diversidade-e-inclusao\/#primaryimage","url":"https:\/\/ouvidordigital.com.br\/blog\/wp-content\/uploads\/2022\/03\/2407778-destaque.jpg","contentUrl":"https:\/\/ouvidordigital.com.br\/blog\/wp-content\/uploads\/2022\/03\/2407778-destaque.jpg","width":437,"height":261},{"@type":"BreadcrumbList","@id":"https:\/\/ouvidordigital.com.br\/blog\/compliance-governanca-diversidade-e-inclusao\/#breadcrumb","itemListElement":[{"@type":"ListItem","position":1,"name":"In\u00edcio","item":"https:\/\/ouvidordigital.com.br\/blog\/"},{"@type":"ListItem","position":2,"name":"Compliance","item":"https:\/\/ouvidordigital.com.br\/blog\/categoria\/compliance\/"},{"@type":"ListItem","position":3,"name":"O Protagonismo do Compliance e da Governan\u00e7a no avan\u00e7o da Diversidade e Inclus\u00e3o dentro das Organiza\u00e7\u00f5es"}]},{"@type":"WebSite","@id":"https:\/\/ouvidordigital.com.br\/blog\/#website","url":"https:\/\/ouvidordigital.com.br\/blog\/","name":"Blog do Ouvidor Digital","description":"Fique por dentro das novidades do mercado, aspectos regulat\u00f3rios, al\u00e9m de todos os benef\u00edcios da implementa\u00e7\u00e3o de um Canal de Den\u00fancias.","publisher":{"@id":"https:\/\/ouvidordigital.com.br\/blog\/#organization"},"potentialAction":[{"@type":"SearchAction","target":{"@type":"EntryPoint","urlTemplate":"https:\/\/ouvidordigital.com.br\/blog\/?s={search_term_string}"},"query-input":{"@type":"PropertyValueSpecification","valueRequired":true,"valueName":"search_term_string"}}],"inLanguage":"pt-BR"},{"@type":"Organization","@id":"https:\/\/ouvidordigital.com.br\/blog\/#organization","name":"Ouvidor Digital","url":"https:\/\/ouvidordigital.com.br\/blog\/","logo":{"@type":"ImageObject","inLanguage":"pt-BR","@id":"https:\/\/ouvidordigital.com.br\/blog\/#\/schema\/logo\/image\/","url":"https:\/\/ouvidordigital.com.br\/blog\/wp-content\/uploads\/2025\/01\/logo_blog_OD_1.png","contentUrl":"https:\/\/ouvidordigital.com.br\/blog\/wp-content\/uploads\/2025\/01\/logo_blog_OD_1.png","width":392,"height":260,"caption":"Ouvidor Digital"},"image":{"@id":"https:\/\/ouvidordigital.com.br\/blog\/#\/schema\/logo\/image\/"},"sameAs":["https:\/\/www.facebook.com\/ouvidordigital\/","https:\/\/www.linkedin.com\/company\/ouvidor-digital"]},{"@type":"Person","@id":"https:\/\/ouvidordigital.com.br\/blog\/#\/schema\/person\/4b247af12c7aaa2ff8c9e9e7d3780d52","name":"Tain\u00e1 Damaceno","image":{"@type":"ImageObject","inLanguage":"pt-BR","@id":"https:\/\/ouvidordigital.com.br\/blog\/#\/schema\/person\/image\/","url":"https:\/\/secure.gravatar.com\/avatar\/d09d0ab093db7e7892751dd20c6cdf758bf59632c2cb0458f454ffb01fa820b9?s=96&d=mm&r=g","contentUrl":"https:\/\/secure.gravatar.com\/avatar\/d09d0ab093db7e7892751dd20c6cdf758bf59632c2cb0458f454ffb01fa820b9?s=96&d=mm&r=g","caption":"Tain\u00e1 Damaceno"},"url":"https:\/\/ouvidordigital.com.br\/blog\/author\/tainadamaceno07\/"}]}},"_links":{"self":[{"href":"https:\/\/ouvidordigital.com.br\/blog\/wp-json\/wp\/v2\/posts\/2607","targetHints":{"allow":["GET"]}}],"collection":[{"href":"https:\/\/ouvidordigital.com.br\/blog\/wp-json\/wp\/v2\/posts"}],"about":[{"href":"https:\/\/ouvidordigital.com.br\/blog\/wp-json\/wp\/v2\/types\/post"}],"author":[{"embeddable":true,"href":"https:\/\/ouvidordigital.com.br\/blog\/wp-json\/wp\/v2\/users\/6"}],"replies":[{"embeddable":true,"href":"https:\/\/ouvidordigital.com.br\/blog\/wp-json\/wp\/v2\/comments?post=2607"}],"version-history":[{"count":0,"href":"https:\/\/ouvidordigital.com.br\/blog\/wp-json\/wp\/v2\/posts\/2607\/revisions"}],"wp:featuredmedia":[{"embeddable":true,"href":"https:\/\/ouvidordigital.com.br\/blog\/wp-json\/wp\/v2\/media\/2636"}],"wp:attachment":[{"href":"https:\/\/ouvidordigital.com.br\/blog\/wp-json\/wp\/v2\/media?parent=2607"}],"wp:term":[{"taxonomy":"category","embeddable":true,"href":"https:\/\/ouvidordigital.com.br\/blog\/wp-json\/wp\/v2\/categories?post=2607"},{"taxonomy":"post_tag","embeddable":true,"href":"https:\/\/ouvidordigital.com.br\/blog\/wp-json\/wp\/v2\/tags?post=2607"}],"curies":[{"name":"wp","href":"https:\/\/api.w.org\/{rel}","templated":true}]}}