{"id":345,"date":"2019-09-16T18:10:41","date_gmt":"2019-09-16T21:10:41","guid":{"rendered":"https:\/\/ouvidordigital.com.br\/blog\/?p=345"},"modified":"2025-01-10T16:25:38","modified_gmt":"2025-01-10T19:25:38","slug":"entrevista-com-xico-acis","status":"publish","type":"post","link":"https:\/\/ouvidordigital.com.br\/blog\/entrevista-com-xico-acis\/","title":{"rendered":"Confira: Entrevista com Xico Acis"},"content":{"rendered":"\n<figure class=\"wp-block-image size-full\"><img loading=\"lazy\" decoding=\"async\" width=\"277\" height=\"182\" src=\"https:\/\/ouvidordigital.com.br\/blog\/\/blog\/wp-content\/uploads\/2023\/12\/images.jpg\" alt=\"\" class=\"wp-image-5176\" srcset=\"https:\/\/ouvidordigital.com.br\/blog\/wp-content\/uploads\/2023\/12\/images.jpg 277w, https:\/\/ouvidordigital.com.br\/blog\/wp-content\/uploads\/2023\/12\/images-24x16.jpg 24w, https:\/\/ouvidordigital.com.br\/blog\/wp-content\/uploads\/2023\/12\/images-36x24.jpg 36w, https:\/\/ouvidordigital.com.br\/blog\/wp-content\/uploads\/2023\/12\/images-48x32.jpg 48w\" sizes=\"auto, (max-width: 277px) 100vw, 277px\" \/><figcaption class=\"wp-element-caption\">Xico Acis<\/figcaption><\/figure>\n\n\n\n<p>O especialista em \u00c9tica e Moral e s\u00f3cio do <a href=\"https:\/\/www.aprendendoapensar.com.br\">aprendendoapensar.com.br<\/a>, Xico Acis, conversou conosco sobre \u00e9tica e conduta e o que \u00e9 necess\u00e1rio para ter uma compet\u00eancia \u00e9tica nas empresas. <\/p>\n\n\n\n<p>Ele aborda ainda sobre o impacto dos canais de den\u00fancias externos dentro das organiza\u00e7\u00f5es:   &#8221;Os canais de den\u00fancias t\u00eam um valor imenso para corrigir essa &#8220;falha&#8221; no processo \u00e9tico e moral.&#8221;<\/p>\n\n\n\n<h2 class=\"wp-block-heading\"><strong>Conte-nos qual a diferen\u00e7a entre a conduta e a \u00e9tica?<\/strong><\/h2>\n\n\n\n<p>As condutas humanas, quando normatizadas, fazem parte da cultura de uma organiza\u00e7\u00e3o e\/ou sociedade. Desta forma, podemos dizer que as condutas humanas fazem parte, do que estabelecemos, como moral. Assim, a moral de um grupo de pessoas s\u00e3o os &#8220;combinados&#8221; que aquele grupo estabeleceu como razo\u00e1veis e aceit\u00e1veis para o grupo evoluir. <\/p>\n\n\n\n<p>Os c\u00f3digos de conduta est\u00e3o nesta esfera. J\u00e1 a \u00e9tica vai tratar do bem\/mal universal, ou seja, de temas que envolvem a ser humano como um todo. Por isso \u00e9 errado falar em &#8220;C\u00f3digo de \u00c9tica&#8221;.<\/p>\n\n\n\n<p> Se a \u00e9tica e universal, como pode existir um &#8220;c\u00f3digo de \u00e9tica&#8221; para uma determinada organiza\u00e7\u00e3o e\/ou categoria de pessoas? O que existe \u00e9 C\u00f3digo de Conduta e Princ\u00edpios \u00c9ticos, ou seja, uma c\u00f3digo que estabelece normas para um grupo de pessoas, baseado em princ\u00edpios universais, por\u00e9m respeitando a cultura daquele grupo de pessoas.<\/p>\n\n\n\n<h2 class=\"wp-block-heading\"><strong>Na sua opini\u00e3o, o que \u00e9 necess\u00e1rio para desenvolver uma compet\u00eancia \u00e9tica nas empresas?<\/strong><\/h2>\n\n\n\n<p>A \u00e1rea da \u00e9tica e moral \u00e9 a filosofia. Sem estudar a filosofia de forma estruturada e profunda, dificilmente uma pessoa vai poder entender \u00e9tica e moral na sua g\u00eanese. A compet\u00eancia \u00e9tica e moral se desenvolve com estudos profundos sobre os temas. <\/p>\n\n\n\n<p>Tem o aspecto acad\u00eamico, por\u00e9m ele deve servir para que a pessoa entenda um dilema \u00e9tico e suas poss\u00edveis solu\u00e7\u00f5es. Sem desenvolver a compet\u00eancia \u00e9tica, provavelmente um gestor se sentir\u00e1 desconfort\u00e1vel ap\u00f3s uma decis\u00e3o dif\u00edcil e\/ou complexa de um comit\u00ea de \u00e9tica, por exemplo. Tomar decis\u00f5es justas, imparciais, equ\u00e2nimes e portanto \u00e9ticas e morais n\u00e3o deve, a princ\u00edpio, se basear apenas nos princ\u00edpios jur\u00eddicos (Moral), mas tamb\u00e9m nos princ\u00edpios humanistas (\u00c9ticos).<\/p>\n\n\n\n<h2 class=\"wp-block-heading\"><strong>Qual \u00e9 o impacto do canal de den\u00fancias na governan\u00e7a da empresa?<\/strong><\/h2>\n\n\n\n<p>Como n\u00e3o conhecemos \u00e9tica e moral profundamente, temos medo de magoar outras pessoas ao falar a verdade. Essa \u00e9 uma cren\u00e7a que leva em considera\u00e7\u00e3o os valores familiares, valores religiosos e valores c\u00edvicos. Nada disso tem rela\u00e7\u00e3o com \u00e9tica e moral. <\/p>\n\n\n\n<p>N\u00e3o queremos ser &#8220;dedo duro&#8221; pois essa situa\u00e7\u00e3o \u00e9 pejorativa para maioria dos brasileiros, mesmo que voc\u00ea queira corrigir um erro cometido por outra pessoa. Os canais de den\u00fancias t\u00eam um valor imenso para corrigir essa &#8220;falha&#8221; no processo \u00e9tico e moral. \u00c9 por meio desses canais que conseguimos reestabelecer o caminho mais correto para determinada organiza\u00e7\u00e3o.<\/p>\n\n\n\n<h2 class=\"wp-block-heading\"><strong>Como as den\u00fancias podem auxiliar na tomada de decis\u00e3o do conselho administrativo?<\/strong><\/h2>\n\n\n\n<p>As den\u00fancias devem ser apuradas de forma justa, imparcial, equ\u00e2nime e portanto \u00e9tica e moral. Para isso, \u00e9 de fundamental import\u00e2ncia que os comit\u00eas de \u00e9tica e\/ou conselhos que avaliam as den\u00fancias conhe\u00e7am os princ\u00edpios \u00e9ticos e morais de forma estruturada. <\/p>\n\n\n\n<p>Analisar uma den\u00fancia apenas pelo lado jur\u00eddico, n\u00e3o cria na organiza\u00e7\u00e3o a cultura \u00e9tica e moral, necess\u00e1ria para sua evolu\u00e7\u00e3o. A partir das den\u00fancias deve-se montar uma agenda \u00e9tica envolvendo todo stakeholders da organiza\u00e7\u00e3o. S\u00f3 assim o trabalho preventivo faz sentido, caso contr\u00e1rio as den\u00fancias nunca diminuir\u00e3o.<\/p>\n\n\n\n<h2 class=\"wp-block-heading\"><strong>Vivemos numa crise de moral e \u00e9tica no Brasil, o que as organiza\u00e7\u00f5es podem fazer para mudar esta situa\u00e7\u00e3o?<\/strong><\/h2>\n\n\n\n<p>Eu acredito que ser\u00e1 atrav\u00e9s das empresas que a cultura \u00e9tica e moral pode ser restabelecida. A educa\u00e7\u00e3o n\u00e3o est\u00e1 demonstrando interesse em recuperar esses temas. Em 1964, o governo militar tirou o ensino da filosofia e sociologia da grade curricular.<\/p>\n\n\n\n<p> Ap\u00f3s 55 anos, ainda n\u00e3o voltamos a ensinar \u00e9tica e moral para nossas crian\u00e7as e jovens de forma profunda. Se voc\u00ea perguntar em qualquer escola, particular ou p\u00fablica de qualquer n\u00edvel, poder\u00e1 constatar que ningu\u00e9m ensina esses temas corretamente. At\u00e9 porque n\u00e3o existem professores de filosofia suficientes. <\/p>\n\n\n\n<p>Hoje, na maioria das escolas, quem ensina filosofia s\u00e3o professores de hist\u00f3ria, portugu\u00eas, etc. Voc\u00ea faria uma cirurgia card\u00edaca com um dermatologista? embora os dois sejam m\u00e9dicos, h\u00e1 uma diferen\u00e7a profunda no saber de cada um. \u00c9 assim com a \u00e9tica e moral. <\/p>\n\n\n\n<p>Estudo h\u00e1 17 anos esses temas e, quanto mais estudo, vejo o quanto somos alienados em assumir uma postura \u00e9tica e moral verdadeira. Desta forma, as empresas podem e devem criar essa cultura \u00e9tica e moral, que com certeza extrapolar\u00e1 a organiza\u00e7\u00e3o chegando at\u00e9 as fam\u00edlias dos colaboradores. Ap\u00f3s algumas gera\u00e7\u00f5es, saberemos a import\u00e2ncia da \u00e9tica e moral para a evolu\u00e7\u00e3o do ser humano.<\/p>\n\n\n\n<p><\/p>\n\n\n\n<h4 class=\"wp-block-heading\">Sobre o autor : <\/h4>\n\n\n\n<p><em>Fil\u00f3sofo, Professor e Consultor, Mestrando em Filosofia para Crian\u00e7as,  P\u00f3s-graduado em Filosofia e Ensino de Filosofia, Licenciado em Filosofia, graduado  em Comunica\u00e7\u00e3o Social.  Atuou como CEO e Diretor de v\u00e1rias empresas nacionais e  multinacionais e hoje \u00e9 s\u00f3cio da Aprendendo a Pensar, consultoria com 17 anos de  exist\u00eancia, especialista em \u00e9tica e moral. Professor convidado de \u00c9tica do MBA da  FUNDACE, Professor contratado UNISANT\u2019ANNA\/FAPPES para as \u00e1reas de \u00e9tica e  moral em neg\u00f3cios, Ombudsman\/Ouvidor pela ABO &#8211; Associa\u00e7\u00e3o Brasileira de  Ouvidoria, Organizador do TEDxRibeir\u00e3o, Volunt\u00e1rio do Escrit\u00f3rio Regional do Alto  Comissariado das Na\u00e7\u00f5es Unidas para Direitos Humanos (ONU), lunt\u00e1rio do CVV,  Fundador do Instituto Magna Moralia que atuar\u00e1 na habilita\u00e7\u00e3o de professores do  ensino fundamental e m\u00e9dio, para o Desenvolvimento da Consci\u00eancia \u00c9tica e Moral e  seu ensino estruturado aos alunos.<\/em><\/p>\n","protected":false},"excerpt":{"rendered":"<p>O especialista em \u00c9tica e Moral e s\u00f3cio do aprendendoapensar.com.br, Xico Acis, conversou conosco sobre \u00e9tica e conduta e o que \u00e9 necess\u00e1rio para ter uma compet\u00eancia \u00e9tica nas empresas. Ele aborda ainda sobre o impacto dos canais de den\u00fancias externos dentro das organiza\u00e7\u00f5es: &#8221;Os canais de den\u00fancias t\u00eam um valor imenso para corrigir essa [&hellip;]<\/p>\n","protected":false},"author":2,"featured_media":364,"comment_status":"open","ping_status":"open","sticky":false,"template":"","format":"standard","meta":{"_acf_changed":false,"footnotes":""},"categories":[37],"tags":[],"class_list":["post-345","post","type-post","status-publish","format-standard","has-post-thumbnail","hentry","category-compliance"],"acf":[],"yoast_head":"<!-- This site is optimized with the Yoast SEO plugin v27.0 - https:\/\/yoast.com\/product\/yoast-seo-wordpress\/ -->\n<title>Confira: Entrevista com Xico Acis<\/title>\n<meta name=\"description\" content=\"O especialista em \u00c9tica e Moral e s\u00f3cio do aprendendoapensar.com.br, Xico Acis, conversou conosco sobre \u00e9tica e conduta e compet\u00eancia \u00e9tica nas empresas.\" \/>\n<meta name=\"robots\" content=\"index, follow, max-snippet:-1, max-image-preview:large, max-video-preview:-1\" \/>\n<link rel=\"canonical\" href=\"https:\/\/ouvidordigital.com.br\/blog\/entrevista-com-xico-acis\/\" \/>\n<meta property=\"og:locale\" content=\"pt_BR\" \/>\n<meta property=\"og:type\" content=\"article\" \/>\n<meta property=\"og:title\" content=\"Confira: Entrevista com Xico Acis\" \/>\n<meta property=\"og:description\" content=\"O especialista em \u00c9tica e Moral e s\u00f3cio do aprendendoapensar.com.br, Xico Acis, conversou conosco sobre \u00e9tica e conduta e compet\u00eancia \u00e9tica nas empresas.\" \/>\n<meta property=\"og:url\" content=\"https:\/\/ouvidordigital.com.br\/blog\/entrevista-com-xico-acis\/\" \/>\n<meta property=\"og:site_name\" content=\"Canal de Den\u00fancias, o Blog do Ouvidor Digital\" \/>\n<meta property=\"article:publisher\" content=\"https:\/\/www.facebook.com\/ouvidordigital\/\" \/>\n<meta property=\"article:published_time\" content=\"2019-09-16T21:10:41+00:00\" \/>\n<meta property=\"article:modified_time\" content=\"2025-01-10T19:25:38+00:00\" \/>\n<meta property=\"og:image\" content=\"https:\/\/ouvidordigital.com.br\/blog\/wp-content\/uploads\/2019\/09\/138.jpg\" \/>\n\t<meta property=\"og:image:width\" content=\"5000\" \/>\n\t<meta property=\"og:image:height\" content=\"5000\" \/>\n\t<meta property=\"og:image:type\" content=\"image\/jpeg\" \/>\n<meta name=\"author\" content=\"Paula Puente\" \/>\n<meta name=\"twitter:card\" content=\"summary_large_image\" \/>\n<meta name=\"twitter:label1\" content=\"Escrito por\" \/>\n\t<meta name=\"twitter:data1\" content=\"Paula Puente\" \/>\n\t<meta name=\"twitter:label2\" content=\"Est. tempo de leitura\" \/>\n\t<meta name=\"twitter:data2\" content=\"5 minutos\" \/>\n<script type=\"application\/ld+json\" class=\"yoast-schema-graph\">{\"@context\":\"https:\/\/schema.org\",\"@graph\":[{\"@type\":\"Article\",\"@id\":\"https:\/\/ouvidordigital.com.br\/blog\/entrevista-com-xico-acis\/#article\",\"isPartOf\":{\"@id\":\"https:\/\/ouvidordigital.com.br\/blog\/entrevista-com-xico-acis\/\"},\"author\":{\"name\":\"Paula Puente\",\"@id\":\"https:\/\/ouvidordigital.com.br\/blog\/#\/schema\/person\/899f522da00e36350c82866ea5cd1601\"},\"headline\":\"Confira: Entrevista com Xico Acis\",\"datePublished\":\"2019-09-16T21:10:41+00:00\",\"dateModified\":\"2025-01-10T19:25:38+00:00\",\"mainEntityOfPage\":{\"@id\":\"https:\/\/ouvidordigital.com.br\/blog\/entrevista-com-xico-acis\/\"},\"wordCount\":1017,\"commentCount\":2766,\"publisher\":{\"@id\":\"https:\/\/ouvidordigital.com.br\/blog\/#organization\"},\"image\":{\"@id\":\"https:\/\/ouvidordigital.com.br\/blog\/entrevista-com-xico-acis\/#primaryimage\"},\"thumbnailUrl\":\"https:\/\/ouvidordigital.com.br\/blog\/wp-content\/uploads\/2019\/09\/138.jpg\",\"articleSection\":[\"Compliance\"],\"inLanguage\":\"pt-BR\",\"potentialAction\":[{\"@type\":\"CommentAction\",\"name\":\"Comment\",\"target\":[\"https:\/\/ouvidordigital.com.br\/blog\/entrevista-com-xico-acis\/#respond\"]}]},{\"@type\":\"WebPage\",\"@id\":\"https:\/\/ouvidordigital.com.br\/blog\/entrevista-com-xico-acis\/\",\"url\":\"https:\/\/ouvidordigital.com.br\/blog\/entrevista-com-xico-acis\/\",\"name\":\"Confira: Entrevista com Xico Acis\",\"isPartOf\":{\"@id\":\"https:\/\/ouvidordigital.com.br\/blog\/#website\"},\"primaryImageOfPage\":{\"@id\":\"https:\/\/ouvidordigital.com.br\/blog\/entrevista-com-xico-acis\/#primaryimage\"},\"image\":{\"@id\":\"https:\/\/ouvidordigital.com.br\/blog\/entrevista-com-xico-acis\/#primaryimage\"},\"thumbnailUrl\":\"https:\/\/ouvidordigital.com.br\/blog\/wp-content\/uploads\/2019\/09\/138.jpg\",\"datePublished\":\"2019-09-16T21:10:41+00:00\",\"dateModified\":\"2025-01-10T19:25:38+00:00\",\"description\":\"O especialista em \u00c9tica e Moral e s\u00f3cio do aprendendoapensar.com.br, Xico Acis, conversou conosco sobre \u00e9tica e conduta e compet\u00eancia \u00e9tica nas empresas.\",\"breadcrumb\":{\"@id\":\"https:\/\/ouvidordigital.com.br\/blog\/entrevista-com-xico-acis\/#breadcrumb\"},\"inLanguage\":\"pt-BR\",\"potentialAction\":[{\"@type\":\"ReadAction\",\"target\":[\"https:\/\/ouvidordigital.com.br\/blog\/entrevista-com-xico-acis\/\"]}]},{\"@type\":\"ImageObject\",\"inLanguage\":\"pt-BR\",\"@id\":\"https:\/\/ouvidordigital.com.br\/blog\/entrevista-com-xico-acis\/#primaryimage\",\"url\":\"https:\/\/ouvidordigital.com.br\/blog\/wp-content\/uploads\/2019\/09\/138.jpg\",\"contentUrl\":\"https:\/\/ouvidordigital.com.br\/blog\/wp-content\/uploads\/2019\/09\/138.jpg\",\"width\":5000,\"height\":5000},{\"@type\":\"BreadcrumbList\",\"@id\":\"https:\/\/ouvidordigital.com.br\/blog\/entrevista-com-xico-acis\/#breadcrumb\",\"itemListElement\":[{\"@type\":\"ListItem\",\"position\":1,\"name\":\"In\u00edcio\",\"item\":\"https:\/\/ouvidordigital.com.br\/blog\/\"},{\"@type\":\"ListItem\",\"position\":2,\"name\":\"Compliance\",\"item\":\"https:\/\/ouvidordigital.com.br\/blog\/categoria\/compliance\/\"},{\"@type\":\"ListItem\",\"position\":3,\"name\":\"Confira: Entrevista com Xico Acis\"}]},{\"@type\":\"WebSite\",\"@id\":\"https:\/\/ouvidordigital.com.br\/blog\/#website\",\"url\":\"https:\/\/ouvidordigital.com.br\/blog\/\",\"name\":\"Blog do Ouvidor Digital\",\"description\":\"Fique por dentro das novidades do mercado, aspectos regulat\u00f3rios, al\u00e9m de todos os benef\u00edcios da implementa\u00e7\u00e3o de um Canal de Den\u00fancias.\",\"publisher\":{\"@id\":\"https:\/\/ouvidordigital.com.br\/blog\/#organization\"},\"potentialAction\":[{\"@type\":\"SearchAction\",\"target\":{\"@type\":\"EntryPoint\",\"urlTemplate\":\"https:\/\/ouvidordigital.com.br\/blog\/?s={search_term_string}\"},\"query-input\":{\"@type\":\"PropertyValueSpecification\",\"valueRequired\":true,\"valueName\":\"search_term_string\"}}],\"inLanguage\":\"pt-BR\"},{\"@type\":\"Organization\",\"@id\":\"https:\/\/ouvidordigital.com.br\/blog\/#organization\",\"name\":\"Ouvidor Digital\",\"url\":\"https:\/\/ouvidordigital.com.br\/blog\/\",\"logo\":{\"@type\":\"ImageObject\",\"inLanguage\":\"pt-BR\",\"@id\":\"https:\/\/ouvidordigital.com.br\/blog\/#\/schema\/logo\/image\/\",\"url\":\"https:\/\/ouvidordigital.com.br\/blog\/wp-content\/uploads\/2025\/01\/logo_blog_OD_1.png\",\"contentUrl\":\"https:\/\/ouvidordigital.com.br\/blog\/wp-content\/uploads\/2025\/01\/logo_blog_OD_1.png\",\"width\":392,\"height\":260,\"caption\":\"Ouvidor Digital\"},\"image\":{\"@id\":\"https:\/\/ouvidordigital.com.br\/blog\/#\/schema\/logo\/image\/\"},\"sameAs\":[\"https:\/\/www.facebook.com\/ouvidordigital\/\",\"https:\/\/www.linkedin.com\/company\/ouvidor-digital\"]},{\"@type\":\"Person\",\"@id\":\"https:\/\/ouvidordigital.com.br\/blog\/#\/schema\/person\/899f522da00e36350c82866ea5cd1601\",\"name\":\"Paula Puente\",\"image\":{\"@type\":\"ImageObject\",\"inLanguage\":\"pt-BR\",\"@id\":\"https:\/\/ouvidordigital.com.br\/blog\/#\/schema\/person\/image\/\",\"url\":\"https:\/\/secure.gravatar.com\/avatar\/029025b04672d8487dac9271c88aea06f2287c035adf67fa82ed25756970154e?s=96&d=mm&r=g\",\"contentUrl\":\"https:\/\/secure.gravatar.com\/avatar\/029025b04672d8487dac9271c88aea06f2287c035adf67fa82ed25756970154e?s=96&d=mm&r=g\",\"caption\":\"Paula Puente\"},\"url\":\"https:\/\/ouvidordigital.com.br\/blog\/author\/paula-de-la-puente\/\"}]}<\/script>\n<!-- \/ Yoast SEO plugin. -->","yoast_head_json":{"title":"Confira: Entrevista com Xico Acis","description":"O especialista em \u00c9tica e Moral e s\u00f3cio do aprendendoapensar.com.br, Xico Acis, conversou conosco sobre \u00e9tica e conduta e compet\u00eancia \u00e9tica nas empresas.","robots":{"index":"index","follow":"follow","max-snippet":"max-snippet:-1","max-image-preview":"max-image-preview:large","max-video-preview":"max-video-preview:-1"},"canonical":"https:\/\/ouvidordigital.com.br\/blog\/entrevista-com-xico-acis\/","og_locale":"pt_BR","og_type":"article","og_title":"Confira: Entrevista com Xico Acis","og_description":"O especialista em \u00c9tica e Moral e s\u00f3cio do aprendendoapensar.com.br, Xico Acis, conversou conosco sobre \u00e9tica e conduta e compet\u00eancia \u00e9tica nas empresas.","og_url":"https:\/\/ouvidordigital.com.br\/blog\/entrevista-com-xico-acis\/","og_site_name":"Canal de Den\u00fancias, o Blog do Ouvidor Digital","article_publisher":"https:\/\/www.facebook.com\/ouvidordigital\/","article_published_time":"2019-09-16T21:10:41+00:00","article_modified_time":"2025-01-10T19:25:38+00:00","og_image":[{"width":5000,"height":5000,"url":"https:\/\/ouvidordigital.com.br\/blog\/wp-content\/uploads\/2019\/09\/138.jpg","type":"image\/jpeg"}],"author":"Paula Puente","twitter_card":"summary_large_image","twitter_misc":{"Escrito por":"Paula Puente","Est. tempo de leitura":"5 minutos"},"schema":{"@context":"https:\/\/schema.org","@graph":[{"@type":"Article","@id":"https:\/\/ouvidordigital.com.br\/blog\/entrevista-com-xico-acis\/#article","isPartOf":{"@id":"https:\/\/ouvidordigital.com.br\/blog\/entrevista-com-xico-acis\/"},"author":{"name":"Paula Puente","@id":"https:\/\/ouvidordigital.com.br\/blog\/#\/schema\/person\/899f522da00e36350c82866ea5cd1601"},"headline":"Confira: Entrevista com Xico Acis","datePublished":"2019-09-16T21:10:41+00:00","dateModified":"2025-01-10T19:25:38+00:00","mainEntityOfPage":{"@id":"https:\/\/ouvidordigital.com.br\/blog\/entrevista-com-xico-acis\/"},"wordCount":1017,"commentCount":2766,"publisher":{"@id":"https:\/\/ouvidordigital.com.br\/blog\/#organization"},"image":{"@id":"https:\/\/ouvidordigital.com.br\/blog\/entrevista-com-xico-acis\/#primaryimage"},"thumbnailUrl":"https:\/\/ouvidordigital.com.br\/blog\/wp-content\/uploads\/2019\/09\/138.jpg","articleSection":["Compliance"],"inLanguage":"pt-BR","potentialAction":[{"@type":"CommentAction","name":"Comment","target":["https:\/\/ouvidordigital.com.br\/blog\/entrevista-com-xico-acis\/#respond"]}]},{"@type":"WebPage","@id":"https:\/\/ouvidordigital.com.br\/blog\/entrevista-com-xico-acis\/","url":"https:\/\/ouvidordigital.com.br\/blog\/entrevista-com-xico-acis\/","name":"Confira: Entrevista com Xico Acis","isPartOf":{"@id":"https:\/\/ouvidordigital.com.br\/blog\/#website"},"primaryImageOfPage":{"@id":"https:\/\/ouvidordigital.com.br\/blog\/entrevista-com-xico-acis\/#primaryimage"},"image":{"@id":"https:\/\/ouvidordigital.com.br\/blog\/entrevista-com-xico-acis\/#primaryimage"},"thumbnailUrl":"https:\/\/ouvidordigital.com.br\/blog\/wp-content\/uploads\/2019\/09\/138.jpg","datePublished":"2019-09-16T21:10:41+00:00","dateModified":"2025-01-10T19:25:38+00:00","description":"O especialista em \u00c9tica e Moral e s\u00f3cio do aprendendoapensar.com.br, Xico Acis, conversou conosco sobre \u00e9tica e conduta e compet\u00eancia \u00e9tica nas empresas.","breadcrumb":{"@id":"https:\/\/ouvidordigital.com.br\/blog\/entrevista-com-xico-acis\/#breadcrumb"},"inLanguage":"pt-BR","potentialAction":[{"@type":"ReadAction","target":["https:\/\/ouvidordigital.com.br\/blog\/entrevista-com-xico-acis\/"]}]},{"@type":"ImageObject","inLanguage":"pt-BR","@id":"https:\/\/ouvidordigital.com.br\/blog\/entrevista-com-xico-acis\/#primaryimage","url":"https:\/\/ouvidordigital.com.br\/blog\/wp-content\/uploads\/2019\/09\/138.jpg","contentUrl":"https:\/\/ouvidordigital.com.br\/blog\/wp-content\/uploads\/2019\/09\/138.jpg","width":5000,"height":5000},{"@type":"BreadcrumbList","@id":"https:\/\/ouvidordigital.com.br\/blog\/entrevista-com-xico-acis\/#breadcrumb","itemListElement":[{"@type":"ListItem","position":1,"name":"In\u00edcio","item":"https:\/\/ouvidordigital.com.br\/blog\/"},{"@type":"ListItem","position":2,"name":"Compliance","item":"https:\/\/ouvidordigital.com.br\/blog\/categoria\/compliance\/"},{"@type":"ListItem","position":3,"name":"Confira: Entrevista com Xico Acis"}]},{"@type":"WebSite","@id":"https:\/\/ouvidordigital.com.br\/blog\/#website","url":"https:\/\/ouvidordigital.com.br\/blog\/","name":"Blog do Ouvidor Digital","description":"Fique por dentro das novidades do mercado, aspectos regulat\u00f3rios, al\u00e9m de todos os benef\u00edcios da implementa\u00e7\u00e3o de um Canal de Den\u00fancias.","publisher":{"@id":"https:\/\/ouvidordigital.com.br\/blog\/#organization"},"potentialAction":[{"@type":"SearchAction","target":{"@type":"EntryPoint","urlTemplate":"https:\/\/ouvidordigital.com.br\/blog\/?s={search_term_string}"},"query-input":{"@type":"PropertyValueSpecification","valueRequired":true,"valueName":"search_term_string"}}],"inLanguage":"pt-BR"},{"@type":"Organization","@id":"https:\/\/ouvidordigital.com.br\/blog\/#organization","name":"Ouvidor Digital","url":"https:\/\/ouvidordigital.com.br\/blog\/","logo":{"@type":"ImageObject","inLanguage":"pt-BR","@id":"https:\/\/ouvidordigital.com.br\/blog\/#\/schema\/logo\/image\/","url":"https:\/\/ouvidordigital.com.br\/blog\/wp-content\/uploads\/2025\/01\/logo_blog_OD_1.png","contentUrl":"https:\/\/ouvidordigital.com.br\/blog\/wp-content\/uploads\/2025\/01\/logo_blog_OD_1.png","width":392,"height":260,"caption":"Ouvidor Digital"},"image":{"@id":"https:\/\/ouvidordigital.com.br\/blog\/#\/schema\/logo\/image\/"},"sameAs":["https:\/\/www.facebook.com\/ouvidordigital\/","https:\/\/www.linkedin.com\/company\/ouvidor-digital"]},{"@type":"Person","@id":"https:\/\/ouvidordigital.com.br\/blog\/#\/schema\/person\/899f522da00e36350c82866ea5cd1601","name":"Paula Puente","image":{"@type":"ImageObject","inLanguage":"pt-BR","@id":"https:\/\/ouvidordigital.com.br\/blog\/#\/schema\/person\/image\/","url":"https:\/\/secure.gravatar.com\/avatar\/029025b04672d8487dac9271c88aea06f2287c035adf67fa82ed25756970154e?s=96&d=mm&r=g","contentUrl":"https:\/\/secure.gravatar.com\/avatar\/029025b04672d8487dac9271c88aea06f2287c035adf67fa82ed25756970154e?s=96&d=mm&r=g","caption":"Paula Puente"},"url":"https:\/\/ouvidordigital.com.br\/blog\/author\/paula-de-la-puente\/"}]}},"_links":{"self":[{"href":"https:\/\/ouvidordigital.com.br\/blog\/wp-json\/wp\/v2\/posts\/345","targetHints":{"allow":["GET"]}}],"collection":[{"href":"https:\/\/ouvidordigital.com.br\/blog\/wp-json\/wp\/v2\/posts"}],"about":[{"href":"https:\/\/ouvidordigital.com.br\/blog\/wp-json\/wp\/v2\/types\/post"}],"author":[{"embeddable":true,"href":"https:\/\/ouvidordigital.com.br\/blog\/wp-json\/wp\/v2\/users\/2"}],"replies":[{"embeddable":true,"href":"https:\/\/ouvidordigital.com.br\/blog\/wp-json\/wp\/v2\/comments?post=345"}],"version-history":[{"count":0,"href":"https:\/\/ouvidordigital.com.br\/blog\/wp-json\/wp\/v2\/posts\/345\/revisions"}],"wp:featuredmedia":[{"embeddable":true,"href":"https:\/\/ouvidordigital.com.br\/blog\/wp-json\/wp\/v2\/media\/364"}],"wp:attachment":[{"href":"https:\/\/ouvidordigital.com.br\/blog\/wp-json\/wp\/v2\/media?parent=345"}],"wp:term":[{"taxonomy":"category","embeddable":true,"href":"https:\/\/ouvidordigital.com.br\/blog\/wp-json\/wp\/v2\/categories?post=345"},{"taxonomy":"post_tag","embeddable":true,"href":"https:\/\/ouvidordigital.com.br\/blog\/wp-json\/wp\/v2\/tags?post=345"}],"curies":[{"name":"wp","href":"https:\/\/api.w.org\/{rel}","templated":true}]}}