{"id":4519,"date":"2023-06-23T10:45:55","date_gmt":"2023-06-23T13:45:55","guid":{"rendered":"https:\/\/ouvidordigital.com.br\/blog\/?p=4519"},"modified":"2025-01-13T10:56:33","modified_gmt":"2025-01-13T13:56:33","slug":"joan-is-awful-lgpd","status":"publish","type":"post","link":"https:\/\/ouvidordigital.com.br\/blog\/joan-is-awful-lgpd\/","title":{"rendered":"Black Mirror e a LGPD: Reflex\u00f5es Sobre a Prote\u00e7\u00e3o de Dados em &#8220;Joan is awful&#8221;"},"content":{"rendered":"\n<figure class=\"wp-block-image size-full\"><img loading=\"lazy\" decoding=\"async\" width=\"900\" height=\"600\" src=\"https:\/\/ouvidordigital.com.br\/blog\/\/blog\/wp-content\/uploads\/2023\/06\/Imagem-do-topo-Template-blog-3.png\" alt=\"Black Mirror e a LGPD\" class=\"wp-image-4521\" srcset=\"https:\/\/ouvidordigital.com.br\/blog\/wp-content\/uploads\/2023\/06\/Imagem-do-topo-Template-blog-3.png 900w, https:\/\/ouvidordigital.com.br\/blog\/wp-content\/uploads\/2023\/06\/Imagem-do-topo-Template-blog-3-300x200.png 300w, https:\/\/ouvidordigital.com.br\/blog\/wp-content\/uploads\/2023\/06\/Imagem-do-topo-Template-blog-3-768x512.png 768w, https:\/\/ouvidordigital.com.br\/blog\/wp-content\/uploads\/2023\/06\/Imagem-do-topo-Template-blog-3-24x16.png 24w, https:\/\/ouvidordigital.com.br\/blog\/wp-content\/uploads\/2023\/06\/Imagem-do-topo-Template-blog-3-36x24.png 36w, https:\/\/ouvidordigital.com.br\/blog\/wp-content\/uploads\/2023\/06\/Imagem-do-topo-Template-blog-3-48x32.png 48w\" sizes=\"auto, (max-width: 900px) 100vw, 900px\" \/><\/figure>\n\n\n\n<p>A sexta temporada da s\u00e9rie <em>Black Mirror<\/em>, lan\u00e7ada em junho na plataforma de <em>streaming<\/em> Netflix, continua a explorar cen\u00e1rios dist\u00f3picos que destacam o impacto do avan\u00e7o tecnol\u00f3gico na sociedade. Esse artigo aborda a hist\u00f3ria fict\u00edcia do epis\u00f3dio \u201c<em>Joan is Awful<\/em>\u201d, que serve como um exemplo extremo dos perigos da falta de prote\u00e7\u00e3o de dados e da necessidade de leis como a LGPD. Cont\u00e9m <em>spoilers<\/em>.<\/p>\n\n\n\n<h2 class=\"wp-block-heading\">\u201cEu li e concordo com os termos de uso\u201d<\/h2>\n\n\n\n<p>Quando foi a \u00faltima vez que voc\u00ea leu os termos de uso de algum servi\u00e7o, site, app? No epis\u00f3dio, a protagonista Joan (Annie Murphy) descobre que sua vida privada est\u00e1 sendo transmitida em um programa de TV, sem o seu consentimento. A fict\u00edcia empresa de <em>streaming<\/em>, \u201cStreamberry\u201d, utiliza dados coletados por meio de dispositivos eletr\u00f4nicos, como seu telefone, para criar uma vers\u00e3o animada e distorcida de sua vida. A s\u00e9rie \u00e9 projetada para explorar os aspectos mais sombrios da personalidade de Joan, alimentando os piores medos dela e de seus espectadores.<\/p>\n\n\n\n<p>Essa hist\u00f3ria fict\u00edcia ilustra os riscos reais que os indiv\u00edduos enfrentam quando seus dados pessoais s\u00e3o explorados e mal utilizados por empresas. A <a href=\"https:\/\/www.planalto.gov.br\/ccivil_03\/_ato2015-2018\/2018\/lei\/l13709.htm\" target=\"_blank\" rel=\"noreferrer noopener\">LGPD<\/a> (Lei Geral de Prote\u00e7\u00e3o de Dados), assim como outras leis de prote\u00e7\u00e3o de dados em todo o mundo, busca garantir que as pessoas tenham controle sobre suas informa\u00e7\u00f5es pessoais e que as empresas ajam de maneira respons\u00e1vel ao coletar, armazenar e usar esses dados.<\/p>\n\n\n\n<p>No caso de Joan, a falta de regulamenta\u00e7\u00e3o adequada permitiu que a \u201cStreamberry\u201d abusasse dos dados pessoais dela para criar um programa de TV invasivo e perturbador. A situa\u00e7\u00e3o reflete o potencial impacto negativo que a falta de prote\u00e7\u00e3o de dados pode ter na vida das pessoas. Quando as informa\u00e7\u00f5es pessoais s\u00e3o coletadas sem consentimento ou usadas de forma inapropriada, a privacidade \u00e9 violada e as pessoas podem enfrentar consequ\u00eancias emocionais, psicol\u00f3gicas e at\u00e9 mesmo financeiras.<\/p>\n\n\n\n<h2 class=\"wp-block-heading\">A import\u00e2ncia da prote\u00e7\u00e3o de dados e a LGPD<\/h2>\n\n\n\n<p>No Brasil, a LGPD visa estabelecer diretrizes claras sobre como as empresas devem lidar com os dados pessoais de seus usu\u00e1rios. Ela define os direitos dos indiv\u00edduos em rela\u00e7\u00e3o \u00e0 privacidade de suas informa\u00e7\u00f5es e estabelece obriga\u00e7\u00f5es para as empresas no tratamento adequado desses dados. <a href=\"https:\/\/ouvidordigital.com.br\/blog\/\/blog\/sua-empresa-esta-preparada-para-as-sancoes-da-lgpd\/\" target=\"_blank\" rel=\"noreferrer noopener\">A lei tamb\u00e9m prev\u00ea san\u00e7\u00f5es<\/a> para aqueles que violarem as disposi\u00e7\u00f5es de prote\u00e7\u00e3o de dados, incentivando as empresas a adotarem pr\u00e1ticas respons\u00e1veis.<\/p>\n\n\n\n<p>A coleta de dados pessoais pode ser ben\u00e9fica em muitos aspectos, permitindo melhorias em servi\u00e7os, personaliza\u00e7\u00e3o de experi\u00eancias e avan\u00e7os tecnol\u00f3gicos. No entanto, quando esses dados s\u00e3o explorados indevidamente, podem ocorrer graves viola\u00e7\u00f5es de privacidade e danos significativos \u00e0s pessoas afetadas. Isso inclui o uso inadequado de informa\u00e7\u00f5es sens\u00edveis, a exposi\u00e7\u00e3o n\u00e3o autorizada de detalhes pessoais e at\u00e9 mesmo a manipula\u00e7\u00e3o e o direcionamento de indiv\u00edduos com base em seus perfis.<\/p>\n\n\n\n<p>Ao estabelecer diretrizes claras sobre como as empresas devem lidar com os dados pessoais, as leis de prote\u00e7\u00e3o de dados t\u00eam o objetivo de minimizar esses riscos e proteger a privacidade das pessoas. Elas exigem que as empresas obtenham o consentimento expl\u00edcito dos usu\u00e1rios para coletar e utilizar seus dados, al\u00e9m de estabelecerem limites sobre como essas informa\u00e7\u00f5es podem ser compartilhadas e processadas. Isso d\u00e1 aos indiv\u00edduos maior controle sobre suas informa\u00e7\u00f5es pessoais e permite que eles tomem decis\u00f5es informadas sobre o uso de seus dados.<\/p>\n\n\n\n<p>Al\u00e9m disso, esse tipo de legisla\u00e7\u00e3o deve estabelecer a obriga\u00e7\u00e3o das empresas de implementarem medidas de seguran\u00e7a adequadas para proteger os dados pessoais contra acesso n\u00e3o autorizado, perda, roubo ou qualquer forma de viola\u00e7\u00e3o. Isso significa que as organiza\u00e7\u00f5es devem adotar pr\u00e1ticas de seguran\u00e7a cibern\u00e9tica robustas e investir em tecnologias que protejam efetivamente os dados de seus usu\u00e1rios.<\/p>\n\n\n\n<h2 class=\"wp-block-heading\">Conclus\u00e3o<\/h2>\n\n\n\n<p>A import\u00e2ncia das leis de prote\u00e7\u00e3o de dados vai al\u00e9m da simples quest\u00e3o da privacidade individual. Elas ajudam a criar um ambiente digital mais seguro e confi\u00e1vel, em que os dados pessoais s\u00e3o tratados com \u00e9tica e transpar\u00eancia. Al\u00e9m disso, essas leis promovem a confian\u00e7a entre os usu\u00e1rios e as empresas, essencial para o desenvolvimento saud\u00e1vel da economia digital.<\/p>\n\n\n\n<p>O caso de Joan em \u201cJoan is Awful\u201d \u00e9 uma vis\u00e3o dist\u00f3pica e exagerada do que pode acontecer quando os dados pessoais s\u00e3o mal utilizados. No entanto, serve como um lembrete importante de que a prote\u00e7\u00e3o dos dados pessoais \u00e9 um direito fundamental que deve ser garantido por meio de leis e regulamenta\u00e7\u00f5es adequadas. A LGPD, assim como outras leis similares, tem um papel fundamental na defesa da privacidade em uma era digitalizada e conectada.<\/p>\n\n\n\n<h2 class=\"wp-block-heading\">Pol\u00edtica de Privacidade do Ouvidor Digital<\/h2>\n\n\n\n<p>O Ouvidor Digital e todos os seus produtos (<a href=\"https:\/\/ouvidordigital.com.br\/blog\/\/\" target=\"_blank\" rel=\"noreferrer noopener\">Canal de Den\u00fancias<\/a>, <a href=\"https:\/\/ouvidordigital.com.br\/blog\/\/blog\/sistema-de-ouvidoria\/\" target=\"_blank\" rel=\"noreferrer noopener\">Sistema de Ouvidoria<\/a> e Blog Canal de Den\u00fancias) est\u00e3o aderentes \u00e0 Lei Geral de Prote\u00e7\u00e3o de Dados. Conhe\u00e7a a nossa <a href=\"https:\/\/canal.ouvidordigital.com.br\/terms\/politica-privacidade\" target=\"_blank\" rel=\"noreferrer noopener\">Pol\u00edtica de Privacidade<\/a>.<\/p>\n\n\n<p>[the_ad id=&#8221;4229&#8243;]<\/p>\n\n\n<p>[the_ad id=&#8221;4230&#8243;]<\/p>\n","protected":false},"excerpt":{"rendered":"<p>A sexta temporada da s\u00e9rie Black Mirror, lan\u00e7ada em junho na plataforma de streaming Netflix, continua a explorar cen\u00e1rios dist\u00f3picos que destacam o impacto do avan\u00e7o tecnol\u00f3gico na sociedade. Esse artigo aborda a hist\u00f3ria fict\u00edcia do epis\u00f3dio \u201cJoan is Awful\u201d, que serve como um exemplo extremo dos perigos da falta de prote\u00e7\u00e3o de dados e [&hellip;]<\/p>\n","protected":false},"author":7,"featured_media":4520,"comment_status":"closed","ping_status":"open","sticky":false,"template":"","format":"standard","meta":{"_acf_changed":false,"footnotes":""},"categories":[42],"tags":[],"class_list":["post-4519","post","type-post","status-publish","format-standard","has-post-thumbnail","hentry","category-legislacao-normas"],"acf":[],"yoast_head":"<!-- This site is optimized with the Yoast SEO plugin v27.0 - https:\/\/yoast.com\/product\/yoast-seo-wordpress\/ -->\n<title>Joan is awful e a LGPD: Reflex\u00f5es Sobre a Prote\u00e7\u00e3o de Dados<\/title>\n<meta name=\"description\" content=\"O que Black Mirror tem a ver com a LGPD? Veja essa an\u00e1lise sobre o epis\u00f3dio \u201cJoan is Awful\u201d, um exemplo extremo da falta de prote\u00e7\u00e3o de dados\" \/>\n<meta name=\"robots\" content=\"index, follow, max-snippet:-1, max-image-preview:large, max-video-preview:-1\" \/>\n<link rel=\"canonical\" href=\"https:\/\/ouvidordigital.com.br\/blog\/joan-is-awful-lgpd\/\" \/>\n<meta property=\"og:locale\" content=\"pt_BR\" \/>\n<meta property=\"og:type\" content=\"article\" \/>\n<meta property=\"og:title\" content=\"Joan is awful e a LGPD: Reflex\u00f5es Sobre a Prote\u00e7\u00e3o de Dados\" \/>\n<meta property=\"og:description\" content=\"O que Black Mirror tem a ver com a LGPD? Veja essa an\u00e1lise sobre o epis\u00f3dio \u201cJoan is Awful\u201d, um exemplo extremo da falta de prote\u00e7\u00e3o de dados\" \/>\n<meta property=\"og:url\" content=\"https:\/\/ouvidordigital.com.br\/blog\/joan-is-awful-lgpd\/\" \/>\n<meta property=\"og:site_name\" content=\"Canal de Den\u00fancias, o Blog do Ouvidor Digital\" \/>\n<meta property=\"article:publisher\" content=\"https:\/\/www.facebook.com\/ouvidordigital\/\" \/>\n<meta property=\"article:published_time\" content=\"2023-06-23T13:45:55+00:00\" \/>\n<meta property=\"article:modified_time\" content=\"2025-01-13T13:56:33+00:00\" \/>\n<meta property=\"og:image\" content=\"https:\/\/ouvidordigital.com.br\/blog\/wp-content\/uploads\/2023\/06\/Imagem-de-destaque-Template-blog-2.png\" \/>\n\t<meta property=\"og:image:width\" content=\"437\" \/>\n\t<meta property=\"og:image:height\" content=\"261\" \/>\n\t<meta property=\"og:image:type\" content=\"image\/png\" \/>\n<meta name=\"author\" content=\"Maria Lucia Walerko\" \/>\n<meta name=\"twitter:card\" content=\"summary_large_image\" \/>\n<meta name=\"twitter:label1\" content=\"Escrito por\" \/>\n\t<meta name=\"twitter:data1\" content=\"Maria Lucia Walerko\" \/>\n\t<meta name=\"twitter:label2\" content=\"Est. tempo de leitura\" \/>\n\t<meta name=\"twitter:data2\" content=\"4 minutos\" \/>\n<script type=\"application\/ld+json\" class=\"yoast-schema-graph\">{\"@context\":\"https:\/\/schema.org\",\"@graph\":[{\"@type\":\"Article\",\"@id\":\"https:\/\/ouvidordigital.com.br\/blog\/joan-is-awful-lgpd\/#article\",\"isPartOf\":{\"@id\":\"https:\/\/ouvidordigital.com.br\/blog\/joan-is-awful-lgpd\/\"},\"author\":{\"name\":\"Maria Lucia Walerko\",\"@id\":\"https:\/\/ouvidordigital.com.br\/blog\/#\/schema\/person\/02a76b4874c040125daaff45a975f687\"},\"headline\":\"Black Mirror e a LGPD: Reflex\u00f5es Sobre a Prote\u00e7\u00e3o de Dados em &#8220;Joan is awful&#8221;\",\"datePublished\":\"2023-06-23T13:45:55+00:00\",\"dateModified\":\"2025-01-13T13:56:33+00:00\",\"mainEntityOfPage\":{\"@id\":\"https:\/\/ouvidordigital.com.br\/blog\/joan-is-awful-lgpd\/\"},\"wordCount\":894,\"publisher\":{\"@id\":\"https:\/\/ouvidordigital.com.br\/blog\/#organization\"},\"image\":{\"@id\":\"https:\/\/ouvidordigital.com.br\/blog\/joan-is-awful-lgpd\/#primaryimage\"},\"thumbnailUrl\":\"https:\/\/ouvidordigital.com.br\/blog\/wp-content\/uploads\/2023\/06\/Imagem-de-destaque-Template-blog-2.png\",\"articleSection\":[\"Legisla\u00e7\u00e3o e Normas\"],\"inLanguage\":\"pt-BR\"},{\"@type\":\"WebPage\",\"@id\":\"https:\/\/ouvidordigital.com.br\/blog\/joan-is-awful-lgpd\/\",\"url\":\"https:\/\/ouvidordigital.com.br\/blog\/joan-is-awful-lgpd\/\",\"name\":\"Joan is awful e a LGPD: Reflex\u00f5es Sobre a Prote\u00e7\u00e3o de Dados\",\"isPartOf\":{\"@id\":\"https:\/\/ouvidordigital.com.br\/blog\/#website\"},\"primaryImageOfPage\":{\"@id\":\"https:\/\/ouvidordigital.com.br\/blog\/joan-is-awful-lgpd\/#primaryimage\"},\"image\":{\"@id\":\"https:\/\/ouvidordigital.com.br\/blog\/joan-is-awful-lgpd\/#primaryimage\"},\"thumbnailUrl\":\"https:\/\/ouvidordigital.com.br\/blog\/wp-content\/uploads\/2023\/06\/Imagem-de-destaque-Template-blog-2.png\",\"datePublished\":\"2023-06-23T13:45:55+00:00\",\"dateModified\":\"2025-01-13T13:56:33+00:00\",\"description\":\"O que Black Mirror tem a ver com a LGPD? Veja essa an\u00e1lise sobre o epis\u00f3dio \u201cJoan is Awful\u201d, um exemplo extremo da falta de prote\u00e7\u00e3o de dados\",\"breadcrumb\":{\"@id\":\"https:\/\/ouvidordigital.com.br\/blog\/joan-is-awful-lgpd\/#breadcrumb\"},\"inLanguage\":\"pt-BR\",\"potentialAction\":[{\"@type\":\"ReadAction\",\"target\":[\"https:\/\/ouvidordigital.com.br\/blog\/joan-is-awful-lgpd\/\"]}]},{\"@type\":\"ImageObject\",\"inLanguage\":\"pt-BR\",\"@id\":\"https:\/\/ouvidordigital.com.br\/blog\/joan-is-awful-lgpd\/#primaryimage\",\"url\":\"https:\/\/ouvidordigital.com.br\/blog\/wp-content\/uploads\/2023\/06\/Imagem-de-destaque-Template-blog-2.png\",\"contentUrl\":\"https:\/\/ouvidordigital.com.br\/blog\/wp-content\/uploads\/2023\/06\/Imagem-de-destaque-Template-blog-2.png\",\"width\":437,\"height\":261},{\"@type\":\"BreadcrumbList\",\"@id\":\"https:\/\/ouvidordigital.com.br\/blog\/joan-is-awful-lgpd\/#breadcrumb\",\"itemListElement\":[{\"@type\":\"ListItem\",\"position\":1,\"name\":\"In\u00edcio\",\"item\":\"https:\/\/ouvidordigital.com.br\/blog\/\"},{\"@type\":\"ListItem\",\"position\":2,\"name\":\"Legisla\u00e7\u00e3o e Normas\",\"item\":\"https:\/\/ouvidordigital.com.br\/blog\/categoria\/legislacao-normas\/\"},{\"@type\":\"ListItem\",\"position\":3,\"name\":\"Black Mirror e a LGPD: Reflex\u00f5es Sobre a Prote\u00e7\u00e3o de Dados em &#8220;Joan is awful&#8221;\"}]},{\"@type\":\"WebSite\",\"@id\":\"https:\/\/ouvidordigital.com.br\/blog\/#website\",\"url\":\"https:\/\/ouvidordigital.com.br\/blog\/\",\"name\":\"Blog do Ouvidor Digital\",\"description\":\"Fique por dentro das novidades do mercado, aspectos regulat\u00f3rios, al\u00e9m de todos os benef\u00edcios da implementa\u00e7\u00e3o de um Canal de Den\u00fancias.\",\"publisher\":{\"@id\":\"https:\/\/ouvidordigital.com.br\/blog\/#organization\"},\"potentialAction\":[{\"@type\":\"SearchAction\",\"target\":{\"@type\":\"EntryPoint\",\"urlTemplate\":\"https:\/\/ouvidordigital.com.br\/blog\/?s={search_term_string}\"},\"query-input\":{\"@type\":\"PropertyValueSpecification\",\"valueRequired\":true,\"valueName\":\"search_term_string\"}}],\"inLanguage\":\"pt-BR\"},{\"@type\":\"Organization\",\"@id\":\"https:\/\/ouvidordigital.com.br\/blog\/#organization\",\"name\":\"Ouvidor Digital\",\"url\":\"https:\/\/ouvidordigital.com.br\/blog\/\",\"logo\":{\"@type\":\"ImageObject\",\"inLanguage\":\"pt-BR\",\"@id\":\"https:\/\/ouvidordigital.com.br\/blog\/#\/schema\/logo\/image\/\",\"url\":\"https:\/\/ouvidordigital.com.br\/blog\/wp-content\/uploads\/2025\/01\/logo_blog_OD_1.png\",\"contentUrl\":\"https:\/\/ouvidordigital.com.br\/blog\/wp-content\/uploads\/2025\/01\/logo_blog_OD_1.png\",\"width\":392,\"height\":260,\"caption\":\"Ouvidor Digital\"},\"image\":{\"@id\":\"https:\/\/ouvidordigital.com.br\/blog\/#\/schema\/logo\/image\/\"},\"sameAs\":[\"https:\/\/www.facebook.com\/ouvidordigital\/\",\"https:\/\/www.linkedin.com\/company\/ouvidor-digital\"]},{\"@type\":\"Person\",\"@id\":\"https:\/\/ouvidordigital.com.br\/blog\/#\/schema\/person\/02a76b4874c040125daaff45a975f687\",\"name\":\"Maria Lucia Walerko\",\"image\":{\"@type\":\"ImageObject\",\"inLanguage\":\"pt-BR\",\"@id\":\"https:\/\/ouvidordigital.com.br\/blog\/#\/schema\/person\/image\/\",\"url\":\"https:\/\/secure.gravatar.com\/avatar\/21517d21d857ce9998331d638049af8e8630df3c781f7e3f017cd367a110bc65?s=96&d=mm&r=g\",\"contentUrl\":\"https:\/\/secure.gravatar.com\/avatar\/21517d21d857ce9998331d638049af8e8630df3c781f7e3f017cd367a110bc65?s=96&d=mm&r=g\",\"caption\":\"Maria Lucia Walerko\"},\"description\":\"Ol\u00e1, tudo bem? \ud83d\ude0a Eu sou a Maria Lucia, sou Analista de Comunica\u00e7\u00e3o no Ouvidor Digital. Meu principal desafio \u00e9 trazer as novidades do mundo de Compliance, Governan\u00e7a Corporativa e Canal de Den\u00fancias de forma descomplicada. Espero que o nosso trabalho contribua para o crescimento da sua empresa!\",\"url\":\"https:\/\/ouvidordigital.com.br\/blog\/author\/malu\/\"}]}<\/script>\n<!-- \/ Yoast SEO plugin. -->","yoast_head_json":{"title":"Joan is awful e a LGPD: Reflex\u00f5es Sobre a Prote\u00e7\u00e3o de Dados","description":"O que Black Mirror tem a ver com a LGPD? Veja essa an\u00e1lise sobre o epis\u00f3dio \u201cJoan is Awful\u201d, um exemplo extremo da falta de prote\u00e7\u00e3o de dados","robots":{"index":"index","follow":"follow","max-snippet":"max-snippet:-1","max-image-preview":"max-image-preview:large","max-video-preview":"max-video-preview:-1"},"canonical":"https:\/\/ouvidordigital.com.br\/blog\/joan-is-awful-lgpd\/","og_locale":"pt_BR","og_type":"article","og_title":"Joan is awful e a LGPD: Reflex\u00f5es Sobre a Prote\u00e7\u00e3o de Dados","og_description":"O que Black Mirror tem a ver com a LGPD? Veja essa an\u00e1lise sobre o epis\u00f3dio \u201cJoan is Awful\u201d, um exemplo extremo da falta de prote\u00e7\u00e3o de dados","og_url":"https:\/\/ouvidordigital.com.br\/blog\/joan-is-awful-lgpd\/","og_site_name":"Canal de Den\u00fancias, o Blog do Ouvidor Digital","article_publisher":"https:\/\/www.facebook.com\/ouvidordigital\/","article_published_time":"2023-06-23T13:45:55+00:00","article_modified_time":"2025-01-13T13:56:33+00:00","og_image":[{"width":437,"height":261,"url":"https:\/\/ouvidordigital.com.br\/blog\/wp-content\/uploads\/2023\/06\/Imagem-de-destaque-Template-blog-2.png","type":"image\/png"}],"author":"Maria Lucia Walerko","twitter_card":"summary_large_image","twitter_misc":{"Escrito por":"Maria Lucia Walerko","Est. tempo de leitura":"4 minutos"},"schema":{"@context":"https:\/\/schema.org","@graph":[{"@type":"Article","@id":"https:\/\/ouvidordigital.com.br\/blog\/joan-is-awful-lgpd\/#article","isPartOf":{"@id":"https:\/\/ouvidordigital.com.br\/blog\/joan-is-awful-lgpd\/"},"author":{"name":"Maria Lucia Walerko","@id":"https:\/\/ouvidordigital.com.br\/blog\/#\/schema\/person\/02a76b4874c040125daaff45a975f687"},"headline":"Black Mirror e a LGPD: Reflex\u00f5es Sobre a Prote\u00e7\u00e3o de Dados em &#8220;Joan is awful&#8221;","datePublished":"2023-06-23T13:45:55+00:00","dateModified":"2025-01-13T13:56:33+00:00","mainEntityOfPage":{"@id":"https:\/\/ouvidordigital.com.br\/blog\/joan-is-awful-lgpd\/"},"wordCount":894,"publisher":{"@id":"https:\/\/ouvidordigital.com.br\/blog\/#organization"},"image":{"@id":"https:\/\/ouvidordigital.com.br\/blog\/joan-is-awful-lgpd\/#primaryimage"},"thumbnailUrl":"https:\/\/ouvidordigital.com.br\/blog\/wp-content\/uploads\/2023\/06\/Imagem-de-destaque-Template-blog-2.png","articleSection":["Legisla\u00e7\u00e3o e Normas"],"inLanguage":"pt-BR"},{"@type":"WebPage","@id":"https:\/\/ouvidordigital.com.br\/blog\/joan-is-awful-lgpd\/","url":"https:\/\/ouvidordigital.com.br\/blog\/joan-is-awful-lgpd\/","name":"Joan is awful e a LGPD: Reflex\u00f5es Sobre a Prote\u00e7\u00e3o de Dados","isPartOf":{"@id":"https:\/\/ouvidordigital.com.br\/blog\/#website"},"primaryImageOfPage":{"@id":"https:\/\/ouvidordigital.com.br\/blog\/joan-is-awful-lgpd\/#primaryimage"},"image":{"@id":"https:\/\/ouvidordigital.com.br\/blog\/joan-is-awful-lgpd\/#primaryimage"},"thumbnailUrl":"https:\/\/ouvidordigital.com.br\/blog\/wp-content\/uploads\/2023\/06\/Imagem-de-destaque-Template-blog-2.png","datePublished":"2023-06-23T13:45:55+00:00","dateModified":"2025-01-13T13:56:33+00:00","description":"O que Black Mirror tem a ver com a LGPD? Veja essa an\u00e1lise sobre o epis\u00f3dio \u201cJoan is Awful\u201d, um exemplo extremo da falta de prote\u00e7\u00e3o de dados","breadcrumb":{"@id":"https:\/\/ouvidordigital.com.br\/blog\/joan-is-awful-lgpd\/#breadcrumb"},"inLanguage":"pt-BR","potentialAction":[{"@type":"ReadAction","target":["https:\/\/ouvidordigital.com.br\/blog\/joan-is-awful-lgpd\/"]}]},{"@type":"ImageObject","inLanguage":"pt-BR","@id":"https:\/\/ouvidordigital.com.br\/blog\/joan-is-awful-lgpd\/#primaryimage","url":"https:\/\/ouvidordigital.com.br\/blog\/wp-content\/uploads\/2023\/06\/Imagem-de-destaque-Template-blog-2.png","contentUrl":"https:\/\/ouvidordigital.com.br\/blog\/wp-content\/uploads\/2023\/06\/Imagem-de-destaque-Template-blog-2.png","width":437,"height":261},{"@type":"BreadcrumbList","@id":"https:\/\/ouvidordigital.com.br\/blog\/joan-is-awful-lgpd\/#breadcrumb","itemListElement":[{"@type":"ListItem","position":1,"name":"In\u00edcio","item":"https:\/\/ouvidordigital.com.br\/blog\/"},{"@type":"ListItem","position":2,"name":"Legisla\u00e7\u00e3o e Normas","item":"https:\/\/ouvidordigital.com.br\/blog\/categoria\/legislacao-normas\/"},{"@type":"ListItem","position":3,"name":"Black Mirror e a LGPD: Reflex\u00f5es Sobre a Prote\u00e7\u00e3o de Dados em &#8220;Joan is awful&#8221;"}]},{"@type":"WebSite","@id":"https:\/\/ouvidordigital.com.br\/blog\/#website","url":"https:\/\/ouvidordigital.com.br\/blog\/","name":"Blog do Ouvidor Digital","description":"Fique por dentro das novidades do mercado, aspectos regulat\u00f3rios, al\u00e9m de todos os benef\u00edcios da implementa\u00e7\u00e3o de um Canal de Den\u00fancias.","publisher":{"@id":"https:\/\/ouvidordigital.com.br\/blog\/#organization"},"potentialAction":[{"@type":"SearchAction","target":{"@type":"EntryPoint","urlTemplate":"https:\/\/ouvidordigital.com.br\/blog\/?s={search_term_string}"},"query-input":{"@type":"PropertyValueSpecification","valueRequired":true,"valueName":"search_term_string"}}],"inLanguage":"pt-BR"},{"@type":"Organization","@id":"https:\/\/ouvidordigital.com.br\/blog\/#organization","name":"Ouvidor Digital","url":"https:\/\/ouvidordigital.com.br\/blog\/","logo":{"@type":"ImageObject","inLanguage":"pt-BR","@id":"https:\/\/ouvidordigital.com.br\/blog\/#\/schema\/logo\/image\/","url":"https:\/\/ouvidordigital.com.br\/blog\/wp-content\/uploads\/2025\/01\/logo_blog_OD_1.png","contentUrl":"https:\/\/ouvidordigital.com.br\/blog\/wp-content\/uploads\/2025\/01\/logo_blog_OD_1.png","width":392,"height":260,"caption":"Ouvidor Digital"},"image":{"@id":"https:\/\/ouvidordigital.com.br\/blog\/#\/schema\/logo\/image\/"},"sameAs":["https:\/\/www.facebook.com\/ouvidordigital\/","https:\/\/www.linkedin.com\/company\/ouvidor-digital"]},{"@type":"Person","@id":"https:\/\/ouvidordigital.com.br\/blog\/#\/schema\/person\/02a76b4874c040125daaff45a975f687","name":"Maria Lucia Walerko","image":{"@type":"ImageObject","inLanguage":"pt-BR","@id":"https:\/\/ouvidordigital.com.br\/blog\/#\/schema\/person\/image\/","url":"https:\/\/secure.gravatar.com\/avatar\/21517d21d857ce9998331d638049af8e8630df3c781f7e3f017cd367a110bc65?s=96&d=mm&r=g","contentUrl":"https:\/\/secure.gravatar.com\/avatar\/21517d21d857ce9998331d638049af8e8630df3c781f7e3f017cd367a110bc65?s=96&d=mm&r=g","caption":"Maria Lucia Walerko"},"description":"Ol\u00e1, tudo bem? \ud83d\ude0a Eu sou a Maria Lucia, sou Analista de Comunica\u00e7\u00e3o no Ouvidor Digital. Meu principal desafio \u00e9 trazer as novidades do mundo de Compliance, Governan\u00e7a Corporativa e Canal de Den\u00fancias de forma descomplicada. Espero que o nosso trabalho contribua para o crescimento da sua empresa!","url":"https:\/\/ouvidordigital.com.br\/blog\/author\/malu\/"}]}},"_links":{"self":[{"href":"https:\/\/ouvidordigital.com.br\/blog\/wp-json\/wp\/v2\/posts\/4519","targetHints":{"allow":["GET"]}}],"collection":[{"href":"https:\/\/ouvidordigital.com.br\/blog\/wp-json\/wp\/v2\/posts"}],"about":[{"href":"https:\/\/ouvidordigital.com.br\/blog\/wp-json\/wp\/v2\/types\/post"}],"author":[{"embeddable":true,"href":"https:\/\/ouvidordigital.com.br\/blog\/wp-json\/wp\/v2\/users\/7"}],"replies":[{"embeddable":true,"href":"https:\/\/ouvidordigital.com.br\/blog\/wp-json\/wp\/v2\/comments?post=4519"}],"version-history":[{"count":0,"href":"https:\/\/ouvidordigital.com.br\/blog\/wp-json\/wp\/v2\/posts\/4519\/revisions"}],"wp:featuredmedia":[{"embeddable":true,"href":"https:\/\/ouvidordigital.com.br\/blog\/wp-json\/wp\/v2\/media\/4520"}],"wp:attachment":[{"href":"https:\/\/ouvidordigital.com.br\/blog\/wp-json\/wp\/v2\/media?parent=4519"}],"wp:term":[{"taxonomy":"category","embeddable":true,"href":"https:\/\/ouvidordigital.com.br\/blog\/wp-json\/wp\/v2\/categories?post=4519"},{"taxonomy":"post_tag","embeddable":true,"href":"https:\/\/ouvidordigital.com.br\/blog\/wp-json\/wp\/v2\/tags?post=4519"}],"curies":[{"name":"wp","href":"https:\/\/api.w.org\/{rel}","templated":true}]}}