{"id":7362,"date":"2025-02-28T10:00:13","date_gmt":"2025-02-28T13:00:13","guid":{"rendered":"https:\/\/ouvidordigital.com.br\/blog\/?p=7362"},"modified":"2026-01-27T16:43:06","modified_gmt":"2026-01-27T19:43:06","slug":"riscos-ocupacionais-nr-1-novas-regras","status":"publish","type":"post","link":"https:\/\/ouvidordigital.com.br\/blog\/riscos-ocupacionais-nr-1-novas-regras\/","title":{"rendered":"Riscos Ocupacionais: Entenda o que mudou e o que h\u00e1 de vir com as novas regras"},"content":{"rendered":"<p>Na atual conjuntura est\u00e1 expl\u00edcita a harmoniza\u00e7\u00e3o de conceitos dentro do Gerenciamento dos Riscos Ocupacionais, abrangendo todas as atividades da organiza\u00e7\u00e3o e todos os tipos de perigos e riscos relacionados ao trabalho, incluindo e com maior \u00eanfase e de forma obrigat\u00f3ria, os fatores de riscos psicossociais relacionados ao trabalho, com a republica\u00e7\u00e3o da NR-1 (Disposi\u00e7\u00f5es Gerais e Gerenciamento de Riscos Ocupacionais), <a href=\"https:\/\/www.gov.br\/trabalho-e-emprego\/pt-br\/assuntos\/inspecao-do-trabalho\/seguranca-e-saude-no-trabalho\/sst-portarias\/2024\/portaria-mte-no-1-419-nr-01-gro-nova-redacao.pdf\/view\" target=\"_blank\" rel=\"noopener\">Portaria N\u00ba 1.419, de 27\/08\/2024.<\/a><\/p>\n<h2><strong>O que est\u00e1 envolvido neste processo?<\/strong><\/h2>\n<ul>\n<li><strong>AET \/ APE<\/strong> com perfil direcionado a ergonomia cognitiva, psicologia organizacional e aspectos sociais e human\u00edsticos; considerar as condi\u00e7\u00f5es de trabalho nos termos da Ergonomia (NR 17), incluindo os fatores de risco psicossociais relacionados ao trabalho;<\/li>\n<li><strong>ISO 45003:2021<\/strong> Diretrizes para a Gest\u00e3o de Riscos Psicossociais;<\/li>\n<li><strong>Lei Federal Programa Emprega + Mulheres, Lei n\u00ba 14.457<\/strong>, de 21\/09\/2022, com vistas \u00e0 preven\u00e7\u00e3o e ao combate ao ass\u00e9dio sexual e \u00e0s demais formas de viol\u00eancia no \u00e2mbito do trabalho;<\/li>\n<li><strong>Canal de Den\u00fancias An\u00f4nimo para a organiza\u00e7\u00e3o<\/strong>;<\/li>\n<li><strong>CIPA e de Ass\u00e9dio e organiza\u00e7\u00e3o:<\/strong> Realiza\u00e7\u00e3o de a\u00e7\u00f5es de capacita\u00e7\u00e3o, de orienta\u00e7\u00e3o e de sensibiliza\u00e7\u00e3o dos empregados e das empregadas de todos os n\u00edveis hier\u00e1rquicos da empresa sobre temas relacionados \u00e0 viol\u00eancia, ao ass\u00e9dio, \u00e0 igualdade e \u00e0 diversidade no \u00e2mbito do trabalho, em formatos acess\u00edveis, apropriados e que apresentem m\u00e1xima efetividade de tais a\u00e7\u00f5es. Novas atribui\u00e7\u00f5es, novo conte\u00fado program\u00e1tico no Treinamento para os Cipeiros;<\/li>\n<li><strong> Pol\u00edtica antiass\u00e9dio: <\/strong>Estrutura\u00e7\u00e3o de um Comit\u00ea de \u00c9tica, e desenvolver c\u00f3digo de \u00e9tica, na impossibilidade ou aus\u00eancia de um Programa de Integridade e Compliance; incluindo a igualdade e a diversidade no \u00e2mbito do trabalho, em formatos acess\u00edveis, apropriados e que apresentem m\u00e1xima efetividade de tais a\u00e7\u00f5es;<\/li>\n<li>Processo de identifica\u00e7\u00e3o de perigos e avalia\u00e7\u00e3o de riscos psicossociais com a (organiza\u00e7\u00e3o deve adotar a metodologia e ferramentas para esta avalia\u00e7\u00e3o e gest\u00e3o.<\/li>\n<\/ul>\n<h2><strong>Organizacionais, Cognitivos e Sociais<\/strong><\/h2>\n<p>Lembramos que os riscos psicossociais se referem a condi\u00e7\u00f5es de trabalho que podem afetar a sa\u00fade mental e emocional dos trabalhadores.<\/p>\n<p>Eles est\u00e3o relacionados a fatores como press\u00e3o excessiva, falta de autonomia, ass\u00e9dio sexual, moral, viol\u00eancia no trabalho, jornadas extensas, conflitos interpessoais, inseguran\u00e7a no emprego e m\u00e1s condi\u00e7\u00f5es de trabalho.<\/p>\n<p>Estes riscos s\u00e3o consequ\u00eancias de um ambiente de trabalho com condi\u00e7\u00f5es decorrentes da din\u00e2mica da rotina, da gest\u00e3o e do relacionamento, que afetam negativamente os trabalhadores.<\/p>\n<p>Tanto o bem-estar psicol\u00f3gico quanto o social s\u00e3o afetados em fun\u00e7\u00e3o de diversos motivos, exigindo medidas de controle que v\u00e3o desde o mapeamento de fatores de risco e perigos psicossociais, principalmente na aplicabilidade de treinamentos, rodas de conversa, ou seja, caminhar na gest\u00e3o de mudan\u00e7as, em busca da mudan\u00e7a e cultura organizacional, promovendo um meio ambiente sadio e seguro, com menor toxidade nas rela\u00e7\u00f5es de trabalho.<\/p>\n<p>Surge ent\u00e3o, uma pauta de ordem corporativa na legisla\u00e7\u00e3o trabalhista e na \u00e1rea da seguran\u00e7a e sa\u00fade no trabalho, com in\u00fameras oportunidades para as organiza\u00e7\u00f5es, que ir\u00e3o ter espa\u00e7o para a melhoria das condi\u00e7\u00f5es de trabalho, preocupa\u00e7\u00e3o e uma pol\u00edtica para a promo\u00e7\u00e3o da sa\u00fade mental de todos, havendo a possibilidade de implantar a Lei N\u00ba 14.831, de 27 mar\u00e7o de 2024, que institui o Certificado Empresa Promotora da Sa\u00fade Mental e estabelece os requisitos para a concess\u00e3o da certifica\u00e7\u00e3o.<\/p>\n<p>Este Certificado Empresa Promotora da Sa\u00fade Mental, de \u00e2mbito nacional, ser\u00e1 concedido pelo governo federal \u00e0s empresas que atenderem aos crit\u00e9rios de promo\u00e7\u00e3o da sa\u00fade mental e do bem-estar de seus trabalhadores estabelecidos nesta Lei.<\/p>\n<p>Para tanto, as empresas interessadas em obter a certifica\u00e7\u00e3o prevista nesta Lei devem desenvolver a\u00e7\u00f5es e pol\u00edticas fundamentadas nas diretrizes previstas nesta Lei, dentro do ambiente corporativo.<\/p>\n<p>Oportunidade \u00edmpar para as empresas, gestores e para os profissionais da \u00e1rea da seguran\u00e7a e sa\u00fade no trabalho.<\/p>\n<p>A compress\u00e3o sobre que expomos em <strong>O que est\u00e1 envolvido neste processo<\/strong>, \u00e9 fundamental e imprescind\u00edvel para se obter este Certificado do Governo Federal, pois ser\u00e3o audit\u00e1veis e deve-se adotar medidas de controle e solu\u00e7\u00f5es efetivas.<\/p>\n<p>Muito trabalho pela frente num espa\u00e7o de tempo ex\u00edguo, onde prepara-se a Alta Dire\u00e7\u00e3o e Gestores, cria ou ajusta a pol\u00edtica de gest\u00e3o de riscos psicossociais, aplica-se treinamentos para todos os trabalhadores, a sele\u00e7\u00e3o de uma equipe multiprofissional, para a gest\u00e3o dos riscos psicossociais.<\/p>\n<p>Enfim, a empresa deve adquirir e treinar os envolvidos atrav\u00e9s de um Sistema 100% WEB, para buscar uma solu\u00e7\u00e3o para unificar todos os dados de SST (Seguran\u00e7a e Seguran\u00e7a do Trabalho), incluindo os fatores de risco ocupacionais, e adotar urgente um <a href=\"https:\/\/ouvidordigital.com.br\/solucoes\/canal-de-denuncias\/\" target=\"_blank\" rel=\"noopener\"><strong>Canal de Den\u00fancia An\u00f4nimo<\/strong><\/a>.<\/p>\n","protected":false},"excerpt":{"rendered":"<p>Na atual conjuntura est\u00e1 expl\u00edcita a harmoniza\u00e7\u00e3o de conceitos dentro do Gerenciamento dos Riscos Ocupacionais, abrangendo todas as atividades da organiza\u00e7\u00e3o e todos os tipos de perigos e riscos relacionados ao trabalho, incluindo e com maior \u00eanfase e de forma obrigat\u00f3ria, os fatores de riscos psicossociais relacionados ao trabalho, com a republica\u00e7\u00e3o da NR-1 (Disposi\u00e7\u00f5es [&hellip;]<\/p>\n","protected":false},"author":14,"featured_media":7365,"comment_status":"closed","ping_status":"closed","sticky":false,"template":"","format":"standard","meta":{"_acf_changed":false,"footnotes":""},"categories":[101],"tags":[],"class_list":["post-7362","post","type-post","status-publish","format-standard","has-post-thumbnail","hentry","category-nr-01"],"acf":[],"yoast_head":"<!-- This site is optimized with the Yoast SEO plugin v27.0 - https:\/\/yoast.com\/product\/yoast-seo-wordpress\/ -->\n<title>Riscos Ocupacionais: O que mudou com a nova NR-1 e o que est\u00e1 por vir<\/title>\n<meta name=\"description\" content=\"Descubra o que mudou na NR-1 e como as novas regras impactam os riscos ocupacionais, incluindo a gest\u00e3o dos riscos psicossociais. Saiba mais!\" \/>\n<meta name=\"robots\" content=\"index, follow, max-snippet:-1, max-image-preview:large, max-video-preview:-1\" \/>\n<link rel=\"canonical\" href=\"https:\/\/ouvidordigital.com.br\/blog\/riscos-ocupacionais-nr-1-novas-regras\/\" \/>\n<meta property=\"og:locale\" content=\"pt_BR\" \/>\n<meta property=\"og:type\" content=\"article\" \/>\n<meta property=\"og:title\" content=\"Riscos Ocupacionais: O que mudou com a nova NR-1 e o que est\u00e1 por vir\" \/>\n<meta property=\"og:description\" content=\"Descubra o que mudou na NR-1 e como as novas regras impactam os riscos ocupacionais, incluindo a gest\u00e3o dos riscos psicossociais. Saiba mais!\" \/>\n<meta property=\"og:url\" content=\"https:\/\/ouvidordigital.com.br\/blog\/riscos-ocupacionais-nr-1-novas-regras\/\" \/>\n<meta property=\"og:site_name\" content=\"Canal de Den\u00fancias, o Blog do Ouvidor Digital\" \/>\n<meta property=\"article:publisher\" content=\"https:\/\/www.facebook.com\/ouvidordigital\/\" \/>\n<meta property=\"article:published_time\" content=\"2025-02-28T13:00:13+00:00\" \/>\n<meta property=\"article:modified_time\" content=\"2026-01-27T19:43:06+00:00\" \/>\n<meta property=\"og:image\" content=\"https:\/\/ouvidordigital.com.br\/blog\/wp-content\/uploads\/2025\/02\/imagem-de-topo-novo-blog-9.png\" \/>\n\t<meta property=\"og:image:width\" content=\"1100\" \/>\n\t<meta property=\"og:image:height\" content=\"400\" \/>\n\t<meta property=\"og:image:type\" content=\"image\/png\" \/>\n<meta name=\"author\" content=\"Jos\u00e9 Augusto da Silva Filho\" \/>\n<meta name=\"twitter:card\" content=\"summary_large_image\" \/>\n<meta name=\"twitter:label1\" content=\"Escrito por\" \/>\n\t<meta name=\"twitter:data1\" content=\"Jos\u00e9 Augusto da Silva Filho\" \/>\n\t<meta name=\"twitter:label2\" content=\"Est. tempo de leitura\" \/>\n\t<meta name=\"twitter:data2\" content=\"4 minutos\" \/>\n<script type=\"application\/ld+json\" class=\"yoast-schema-graph\">{\"@context\":\"https:\/\/schema.org\",\"@graph\":[{\"@type\":\"Article\",\"@id\":\"https:\/\/ouvidordigital.com.br\/blog\/riscos-ocupacionais-nr-1-novas-regras\/#article\",\"isPartOf\":{\"@id\":\"https:\/\/ouvidordigital.com.br\/blog\/riscos-ocupacionais-nr-1-novas-regras\/\"},\"author\":{\"name\":\"Jos\u00e9 Augusto da Silva Filho\",\"@id\":\"https:\/\/ouvidordigital.com.br\/blog\/#\/schema\/person\/c8285c954460859b49ed4a2db15d8e5a\"},\"headline\":\"Riscos Ocupacionais: Entenda o que mudou e o que h\u00e1 de vir com as novas regras\",\"datePublished\":\"2025-02-28T13:00:13+00:00\",\"dateModified\":\"2026-01-27T19:43:06+00:00\",\"mainEntityOfPage\":{\"@id\":\"https:\/\/ouvidordigital.com.br\/blog\/riscos-ocupacionais-nr-1-novas-regras\/\"},\"wordCount\":832,\"publisher\":{\"@id\":\"https:\/\/ouvidordigital.com.br\/blog\/#organization\"},\"image\":{\"@id\":\"https:\/\/ouvidordigital.com.br\/blog\/riscos-ocupacionais-nr-1-novas-regras\/#primaryimage\"},\"thumbnailUrl\":\"https:\/\/ouvidordigital.com.br\/blog\/wp-content\/uploads\/2025\/02\/imagem-de-topo-novo-blog-9.png\",\"articleSection\":[\"Nova NR-01\"],\"inLanguage\":\"pt-BR\"},{\"@type\":\"WebPage\",\"@id\":\"https:\/\/ouvidordigital.com.br\/blog\/riscos-ocupacionais-nr-1-novas-regras\/\",\"url\":\"https:\/\/ouvidordigital.com.br\/blog\/riscos-ocupacionais-nr-1-novas-regras\/\",\"name\":\"Riscos Ocupacionais: O que mudou com a nova NR-1 e o que est\u00e1 por vir\",\"isPartOf\":{\"@id\":\"https:\/\/ouvidordigital.com.br\/blog\/#website\"},\"primaryImageOfPage\":{\"@id\":\"https:\/\/ouvidordigital.com.br\/blog\/riscos-ocupacionais-nr-1-novas-regras\/#primaryimage\"},\"image\":{\"@id\":\"https:\/\/ouvidordigital.com.br\/blog\/riscos-ocupacionais-nr-1-novas-regras\/#primaryimage\"},\"thumbnailUrl\":\"https:\/\/ouvidordigital.com.br\/blog\/wp-content\/uploads\/2025\/02\/imagem-de-topo-novo-blog-9.png\",\"datePublished\":\"2025-02-28T13:00:13+00:00\",\"dateModified\":\"2026-01-27T19:43:06+00:00\",\"description\":\"Descubra o que mudou na NR-1 e como as novas regras impactam os riscos ocupacionais, incluindo a gest\u00e3o dos riscos psicossociais. Saiba mais!\",\"breadcrumb\":{\"@id\":\"https:\/\/ouvidordigital.com.br\/blog\/riscos-ocupacionais-nr-1-novas-regras\/#breadcrumb\"},\"inLanguage\":\"pt-BR\",\"potentialAction\":[{\"@type\":\"ReadAction\",\"target\":[\"https:\/\/ouvidordigital.com.br\/blog\/riscos-ocupacionais-nr-1-novas-regras\/\"]}]},{\"@type\":\"ImageObject\",\"inLanguage\":\"pt-BR\",\"@id\":\"https:\/\/ouvidordigital.com.br\/blog\/riscos-ocupacionais-nr-1-novas-regras\/#primaryimage\",\"url\":\"https:\/\/ouvidordigital.com.br\/blog\/wp-content\/uploads\/2025\/02\/imagem-de-topo-novo-blog-9.png\",\"contentUrl\":\"https:\/\/ouvidordigital.com.br\/blog\/wp-content\/uploads\/2025\/02\/imagem-de-topo-novo-blog-9.png\",\"width\":1100,\"height\":400},{\"@type\":\"BreadcrumbList\",\"@id\":\"https:\/\/ouvidordigital.com.br\/blog\/riscos-ocupacionais-nr-1-novas-regras\/#breadcrumb\",\"itemListElement\":[{\"@type\":\"ListItem\",\"position\":1,\"name\":\"In\u00edcio\",\"item\":\"https:\/\/ouvidordigital.com.br\/blog\/\"},{\"@type\":\"ListItem\",\"position\":2,\"name\":\"Legisla\u00e7\u00e3o e Normas\",\"item\":\"https:\/\/ouvidordigital.com.br\/blog\/categoria\/legislacao-normas\/\"},{\"@type\":\"ListItem\",\"position\":3,\"name\":\"Nova NR-01\",\"item\":\"https:\/\/ouvidordigital.com.br\/blog\/categoria\/legislacao-normas\/nr-01\/\"},{\"@type\":\"ListItem\",\"position\":4,\"name\":\"Riscos Ocupacionais: Entenda o que mudou e o que h\u00e1 de vir com as novas regras\"}]},{\"@type\":\"WebSite\",\"@id\":\"https:\/\/ouvidordigital.com.br\/blog\/#website\",\"url\":\"https:\/\/ouvidordigital.com.br\/blog\/\",\"name\":\"Blog do Ouvidor Digital\",\"description\":\"Fique por dentro das novidades do mercado, aspectos regulat\u00f3rios, al\u00e9m de todos os benef\u00edcios da implementa\u00e7\u00e3o de um Canal de Den\u00fancias.\",\"publisher\":{\"@id\":\"https:\/\/ouvidordigital.com.br\/blog\/#organization\"},\"potentialAction\":[{\"@type\":\"SearchAction\",\"target\":{\"@type\":\"EntryPoint\",\"urlTemplate\":\"https:\/\/ouvidordigital.com.br\/blog\/?s={search_term_string}\"},\"query-input\":{\"@type\":\"PropertyValueSpecification\",\"valueRequired\":true,\"valueName\":\"search_term_string\"}}],\"inLanguage\":\"pt-BR\"},{\"@type\":\"Organization\",\"@id\":\"https:\/\/ouvidordigital.com.br\/blog\/#organization\",\"name\":\"Ouvidor Digital\",\"url\":\"https:\/\/ouvidordigital.com.br\/blog\/\",\"logo\":{\"@type\":\"ImageObject\",\"inLanguage\":\"pt-BR\",\"@id\":\"https:\/\/ouvidordigital.com.br\/blog\/#\/schema\/logo\/image\/\",\"url\":\"https:\/\/ouvidordigital.com.br\/blog\/wp-content\/uploads\/2025\/01\/logo_blog_OD_1.png\",\"contentUrl\":\"https:\/\/ouvidordigital.com.br\/blog\/wp-content\/uploads\/2025\/01\/logo_blog_OD_1.png\",\"width\":392,\"height\":260,\"caption\":\"Ouvidor Digital\"},\"image\":{\"@id\":\"https:\/\/ouvidordigital.com.br\/blog\/#\/schema\/logo\/image\/\"},\"sameAs\":[\"https:\/\/www.facebook.com\/ouvidordigital\/\",\"https:\/\/www.linkedin.com\/company\/ouvidor-digital\"]},{\"@type\":\"Person\",\"@id\":\"https:\/\/ouvidordigital.com.br\/blog\/#\/schema\/person\/c8285c954460859b49ed4a2db15d8e5a\",\"name\":\"Jos\u00e9 Augusto da Silva Filho\",\"image\":{\"@type\":\"ImageObject\",\"inLanguage\":\"pt-BR\",\"@id\":\"https:\/\/ouvidordigital.com.br\/blog\/#\/schema\/person\/image\/\",\"url\":\"https:\/\/secure.gravatar.com\/avatar\/79eab7be2b42aefa8c190c89ec3155b70cf59e4e369132a1e41ea3caabb6500f?s=96&d=mm&r=g\",\"contentUrl\":\"https:\/\/secure.gravatar.com\/avatar\/79eab7be2b42aefa8c190c89ec3155b70cf59e4e369132a1e41ea3caabb6500f?s=96&d=mm&r=g\",\"caption\":\"Jos\u00e9 Augusto da Silva Filho\"},\"description\":\"Consultor e Assessor T\u00e9cnico em Seguran\u00e7a e Sa\u00fade no Trabalho | Instrutor do Treinamento CIPA e de Ass\u00e9dio | Instrutor do Curso e na implanta\u00e7\u00e3o da ISO 45003:2021 Gest\u00e3o de Sa\u00fade e Seguran\u00e7a Ocupacional - Sa\u00fade Ocupacional e Seguran\u00e7a no Trabalho | Jornalista Reg. Prof.: 089062\/SP | Consultor T\u00e9cnico da Revista Prote\u00e7\u00e3o | Assessor T\u00e9cnico nos GTTs da CTPP | Instrutor Curso GRO\/PGR e implanta\u00e7\u00e3o | Pesquisador, especialista e capacitado em Sistemas de Gest\u00e3o em SST 45001:2018 | ISSO 31000 Gest\u00e3o de Riscos, ISO 19011:2018 Diretrizes para Auditoria de Sistemas de Gest\u00e3o | Autor dos livros \u201cCi\u00eancias Sociais e Pol\u00edticas na \u00c1rea da Seguran\u00e7a, Sa\u00fade e Meio Ambiente (junho\/2003) e, Seguran\u00e7a do Trabalho - Gerenciamento de Riscos Ocupacionais \/ GRO PGR, ambos pela LTr Editora Ltda., S\u00e3o Paulo) | e ex-Conselheiro da FUNDACENTRO e CONAMA e da CTPP.\",\"url\":\"https:\/\/ouvidordigital.com.br\/blog\/author\/jose-augusto-da-silva-filho\/\"}]}<\/script>\n<!-- \/ Yoast SEO plugin. -->","yoast_head_json":{"title":"Riscos Ocupacionais: O que mudou com a nova NR-1 e o que est\u00e1 por vir","description":"Descubra o que mudou na NR-1 e como as novas regras impactam os riscos ocupacionais, incluindo a gest\u00e3o dos riscos psicossociais. Saiba mais!","robots":{"index":"index","follow":"follow","max-snippet":"max-snippet:-1","max-image-preview":"max-image-preview:large","max-video-preview":"max-video-preview:-1"},"canonical":"https:\/\/ouvidordigital.com.br\/blog\/riscos-ocupacionais-nr-1-novas-regras\/","og_locale":"pt_BR","og_type":"article","og_title":"Riscos Ocupacionais: O que mudou com a nova NR-1 e o que est\u00e1 por vir","og_description":"Descubra o que mudou na NR-1 e como as novas regras impactam os riscos ocupacionais, incluindo a gest\u00e3o dos riscos psicossociais. Saiba mais!","og_url":"https:\/\/ouvidordigital.com.br\/blog\/riscos-ocupacionais-nr-1-novas-regras\/","og_site_name":"Canal de Den\u00fancias, o Blog do Ouvidor Digital","article_publisher":"https:\/\/www.facebook.com\/ouvidordigital\/","article_published_time":"2025-02-28T13:00:13+00:00","article_modified_time":"2026-01-27T19:43:06+00:00","og_image":[{"width":1100,"height":400,"url":"https:\/\/ouvidordigital.com.br\/blog\/wp-content\/uploads\/2025\/02\/imagem-de-topo-novo-blog-9.png","type":"image\/png"}],"author":"Jos\u00e9 Augusto da Silva Filho","twitter_card":"summary_large_image","twitter_misc":{"Escrito por":"Jos\u00e9 Augusto da Silva Filho","Est. tempo de leitura":"4 minutos"},"schema":{"@context":"https:\/\/schema.org","@graph":[{"@type":"Article","@id":"https:\/\/ouvidordigital.com.br\/blog\/riscos-ocupacionais-nr-1-novas-regras\/#article","isPartOf":{"@id":"https:\/\/ouvidordigital.com.br\/blog\/riscos-ocupacionais-nr-1-novas-regras\/"},"author":{"name":"Jos\u00e9 Augusto da Silva Filho","@id":"https:\/\/ouvidordigital.com.br\/blog\/#\/schema\/person\/c8285c954460859b49ed4a2db15d8e5a"},"headline":"Riscos Ocupacionais: Entenda o que mudou e o que h\u00e1 de vir com as novas regras","datePublished":"2025-02-28T13:00:13+00:00","dateModified":"2026-01-27T19:43:06+00:00","mainEntityOfPage":{"@id":"https:\/\/ouvidordigital.com.br\/blog\/riscos-ocupacionais-nr-1-novas-regras\/"},"wordCount":832,"publisher":{"@id":"https:\/\/ouvidordigital.com.br\/blog\/#organization"},"image":{"@id":"https:\/\/ouvidordigital.com.br\/blog\/riscos-ocupacionais-nr-1-novas-regras\/#primaryimage"},"thumbnailUrl":"https:\/\/ouvidordigital.com.br\/blog\/wp-content\/uploads\/2025\/02\/imagem-de-topo-novo-blog-9.png","articleSection":["Nova NR-01"],"inLanguage":"pt-BR"},{"@type":"WebPage","@id":"https:\/\/ouvidordigital.com.br\/blog\/riscos-ocupacionais-nr-1-novas-regras\/","url":"https:\/\/ouvidordigital.com.br\/blog\/riscos-ocupacionais-nr-1-novas-regras\/","name":"Riscos Ocupacionais: O que mudou com a nova NR-1 e o que est\u00e1 por vir","isPartOf":{"@id":"https:\/\/ouvidordigital.com.br\/blog\/#website"},"primaryImageOfPage":{"@id":"https:\/\/ouvidordigital.com.br\/blog\/riscos-ocupacionais-nr-1-novas-regras\/#primaryimage"},"image":{"@id":"https:\/\/ouvidordigital.com.br\/blog\/riscos-ocupacionais-nr-1-novas-regras\/#primaryimage"},"thumbnailUrl":"https:\/\/ouvidordigital.com.br\/blog\/wp-content\/uploads\/2025\/02\/imagem-de-topo-novo-blog-9.png","datePublished":"2025-02-28T13:00:13+00:00","dateModified":"2026-01-27T19:43:06+00:00","description":"Descubra o que mudou na NR-1 e como as novas regras impactam os riscos ocupacionais, incluindo a gest\u00e3o dos riscos psicossociais. Saiba mais!","breadcrumb":{"@id":"https:\/\/ouvidordigital.com.br\/blog\/riscos-ocupacionais-nr-1-novas-regras\/#breadcrumb"},"inLanguage":"pt-BR","potentialAction":[{"@type":"ReadAction","target":["https:\/\/ouvidordigital.com.br\/blog\/riscos-ocupacionais-nr-1-novas-regras\/"]}]},{"@type":"ImageObject","inLanguage":"pt-BR","@id":"https:\/\/ouvidordigital.com.br\/blog\/riscos-ocupacionais-nr-1-novas-regras\/#primaryimage","url":"https:\/\/ouvidordigital.com.br\/blog\/wp-content\/uploads\/2025\/02\/imagem-de-topo-novo-blog-9.png","contentUrl":"https:\/\/ouvidordigital.com.br\/blog\/wp-content\/uploads\/2025\/02\/imagem-de-topo-novo-blog-9.png","width":1100,"height":400},{"@type":"BreadcrumbList","@id":"https:\/\/ouvidordigital.com.br\/blog\/riscos-ocupacionais-nr-1-novas-regras\/#breadcrumb","itemListElement":[{"@type":"ListItem","position":1,"name":"In\u00edcio","item":"https:\/\/ouvidordigital.com.br\/blog\/"},{"@type":"ListItem","position":2,"name":"Legisla\u00e7\u00e3o e Normas","item":"https:\/\/ouvidordigital.com.br\/blog\/categoria\/legislacao-normas\/"},{"@type":"ListItem","position":3,"name":"Nova NR-01","item":"https:\/\/ouvidordigital.com.br\/blog\/categoria\/legislacao-normas\/nr-01\/"},{"@type":"ListItem","position":4,"name":"Riscos Ocupacionais: Entenda o que mudou e o que h\u00e1 de vir com as novas regras"}]},{"@type":"WebSite","@id":"https:\/\/ouvidordigital.com.br\/blog\/#website","url":"https:\/\/ouvidordigital.com.br\/blog\/","name":"Blog do Ouvidor Digital","description":"Fique por dentro das novidades do mercado, aspectos regulat\u00f3rios, al\u00e9m de todos os benef\u00edcios da implementa\u00e7\u00e3o de um Canal de Den\u00fancias.","publisher":{"@id":"https:\/\/ouvidordigital.com.br\/blog\/#organization"},"potentialAction":[{"@type":"SearchAction","target":{"@type":"EntryPoint","urlTemplate":"https:\/\/ouvidordigital.com.br\/blog\/?s={search_term_string}"},"query-input":{"@type":"PropertyValueSpecification","valueRequired":true,"valueName":"search_term_string"}}],"inLanguage":"pt-BR"},{"@type":"Organization","@id":"https:\/\/ouvidordigital.com.br\/blog\/#organization","name":"Ouvidor Digital","url":"https:\/\/ouvidordigital.com.br\/blog\/","logo":{"@type":"ImageObject","inLanguage":"pt-BR","@id":"https:\/\/ouvidordigital.com.br\/blog\/#\/schema\/logo\/image\/","url":"https:\/\/ouvidordigital.com.br\/blog\/wp-content\/uploads\/2025\/01\/logo_blog_OD_1.png","contentUrl":"https:\/\/ouvidordigital.com.br\/blog\/wp-content\/uploads\/2025\/01\/logo_blog_OD_1.png","width":392,"height":260,"caption":"Ouvidor Digital"},"image":{"@id":"https:\/\/ouvidordigital.com.br\/blog\/#\/schema\/logo\/image\/"},"sameAs":["https:\/\/www.facebook.com\/ouvidordigital\/","https:\/\/www.linkedin.com\/company\/ouvidor-digital"]},{"@type":"Person","@id":"https:\/\/ouvidordigital.com.br\/blog\/#\/schema\/person\/c8285c954460859b49ed4a2db15d8e5a","name":"Jos\u00e9 Augusto da Silva Filho","image":{"@type":"ImageObject","inLanguage":"pt-BR","@id":"https:\/\/ouvidordigital.com.br\/blog\/#\/schema\/person\/image\/","url":"https:\/\/secure.gravatar.com\/avatar\/79eab7be2b42aefa8c190c89ec3155b70cf59e4e369132a1e41ea3caabb6500f?s=96&d=mm&r=g","contentUrl":"https:\/\/secure.gravatar.com\/avatar\/79eab7be2b42aefa8c190c89ec3155b70cf59e4e369132a1e41ea3caabb6500f?s=96&d=mm&r=g","caption":"Jos\u00e9 Augusto da Silva Filho"},"description":"Consultor e Assessor T\u00e9cnico em Seguran\u00e7a e Sa\u00fade no Trabalho | Instrutor do Treinamento CIPA e de Ass\u00e9dio | Instrutor do Curso e na implanta\u00e7\u00e3o da ISO 45003:2021 Gest\u00e3o de Sa\u00fade e Seguran\u00e7a Ocupacional - Sa\u00fade Ocupacional e Seguran\u00e7a no Trabalho | Jornalista Reg. Prof.: 089062\/SP | Consultor T\u00e9cnico da Revista Prote\u00e7\u00e3o | Assessor T\u00e9cnico nos GTTs da CTPP | Instrutor Curso GRO\/PGR e implanta\u00e7\u00e3o | Pesquisador, especialista e capacitado em Sistemas de Gest\u00e3o em SST 45001:2018 | ISSO 31000 Gest\u00e3o de Riscos, ISO 19011:2018 Diretrizes para Auditoria de Sistemas de Gest\u00e3o | Autor dos livros \u201cCi\u00eancias Sociais e Pol\u00edticas na \u00c1rea da Seguran\u00e7a, Sa\u00fade e Meio Ambiente (junho\/2003) e, Seguran\u00e7a do Trabalho - Gerenciamento de Riscos Ocupacionais \/ GRO PGR, ambos pela LTr Editora Ltda., S\u00e3o Paulo) | e ex-Conselheiro da FUNDACENTRO e CONAMA e da CTPP.","url":"https:\/\/ouvidordigital.com.br\/blog\/author\/jose-augusto-da-silva-filho\/"}]}},"_links":{"self":[{"href":"https:\/\/ouvidordigital.com.br\/blog\/wp-json\/wp\/v2\/posts\/7362","targetHints":{"allow":["GET"]}}],"collection":[{"href":"https:\/\/ouvidordigital.com.br\/blog\/wp-json\/wp\/v2\/posts"}],"about":[{"href":"https:\/\/ouvidordigital.com.br\/blog\/wp-json\/wp\/v2\/types\/post"}],"author":[{"embeddable":true,"href":"https:\/\/ouvidordigital.com.br\/blog\/wp-json\/wp\/v2\/users\/14"}],"replies":[{"embeddable":true,"href":"https:\/\/ouvidordigital.com.br\/blog\/wp-json\/wp\/v2\/comments?post=7362"}],"version-history":[{"count":1,"href":"https:\/\/ouvidordigital.com.br\/blog\/wp-json\/wp\/v2\/posts\/7362\/revisions"}],"predecessor-version":[{"id":8013,"href":"https:\/\/ouvidordigital.com.br\/blog\/wp-json\/wp\/v2\/posts\/7362\/revisions\/8013"}],"wp:featuredmedia":[{"embeddable":true,"href":"https:\/\/ouvidordigital.com.br\/blog\/wp-json\/wp\/v2\/media\/7365"}],"wp:attachment":[{"href":"https:\/\/ouvidordigital.com.br\/blog\/wp-json\/wp\/v2\/media?parent=7362"}],"wp:term":[{"taxonomy":"category","embeddable":true,"href":"https:\/\/ouvidordigital.com.br\/blog\/wp-json\/wp\/v2\/categories?post=7362"},{"taxonomy":"post_tag","embeddable":true,"href":"https:\/\/ouvidordigital.com.br\/blog\/wp-json\/wp\/v2\/tags?post=7362"}],"curies":[{"name":"wp","href":"https:\/\/api.w.org\/{rel}","templated":true}]}}