{"id":7451,"date":"2025-04-04T17:07:09","date_gmt":"2025-04-04T20:07:09","guid":{"rendered":"https:\/\/ouvidordigital.com.br\/blog\/?p=7451"},"modified":"2025-04-04T17:16:26","modified_gmt":"2025-04-04T20:16:26","slug":"abril-verde-prevencao-assedio-nova-cipa","status":"publish","type":"post","link":"https:\/\/ouvidordigital.com.br\/blog\/abril-verde-prevencao-assedio-nova-cipa\/","title":{"rendered":"Abril Verde: Preven\u00e7\u00e3o ao Ass\u00e9dio e Constru\u00e7\u00e3o de um Ambiente de Trabalho Seguro e Saud\u00e1vel"},"content":{"rendered":"<p><span style=\"font-weight: 400;\">O m\u00eas de abril \u00e9 dedicado \u00e0 conscientiza\u00e7\u00e3o sobre sa\u00fade e seguran\u00e7a no trabalho. O chamado Abril Verde destaca a import\u00e2ncia dessas pr\u00e1ticas, especialmente com as recentes atualiza\u00e7\u00f5es trazidas pela nova CIPA, regulamentada pela <\/span><a href=\"https:\/\/ouvidordigital.com.br\/blog\/prevencao-ao-assedio-no-trabalho\/\" target=\"_blank\" rel=\"noopener\"><span style=\"font-weight: 400;\">Lei 14.457\/22<\/span><\/a><span style=\"font-weight: 400;\">, que ampliou significativamente o escopo da sa\u00fade ocupacional, passando a abranger quest\u00f5es relacionadas ao ass\u00e9dio moral e outras formas de viol\u00eancia no ambiente laboral.<\/span><\/p>\n<p><span style=\"font-weight: 400;\">Essa mudan\u00e7a representa um avan\u00e7o fundamental ao reconhecer que a seguran\u00e7a no trabalho vai muito al\u00e9m da integridade f\u00edsica dos colaboradores, incluindo tamb\u00e9m sua sa\u00fade mental e emocional. Neste artigo, vamos explorar como sua empresa pode adotar medidas eficazes para prevenir situa\u00e7\u00f5es de ass\u00e9dio e criar um ambiente organizacional saud\u00e1vel e produtivo.<\/span><\/p>\n<h2><b>O Impacto da Nova CIPA no Combate ao Ass\u00e9dio<\/b><\/h2>\n<p><span style=\"font-weight: 400;\">A Comiss\u00e3o Interna de Preven\u00e7\u00e3o de Acidentes (CIPA), tradicionalmente conhecida por seu papel na preven\u00e7\u00e3o de acidentes f\u00edsicos, assumiu, com a Lei 14.457\/22, a responsabilidade adicional de promover a\u00e7\u00f5es que previnam e combatam o ass\u00e9dio no ambiente corporativo. Empresas de todos os tamanhos precisam estar atentas a essa obrigatoriedade, desenvolvendo programas espec\u00edficos e claros para abordar o tema com seriedade.<\/span><\/p>\n<h2><b>A\u00e7\u00f5es Pr\u00e1ticas para Implementar na sua Empresa<\/b><\/h2>\n<p><span style=\"font-weight: 400;\">Para garantir a efic\u00e1cia da preven\u00e7\u00e3o ao ass\u00e9dio e outras viol\u00eancias, veja algumas pr\u00e1ticas recomendadas que sua organiza\u00e7\u00e3o deve adotar:<\/span><\/p>\n<h3><b>1. Treinamentos Peri\u00f3dicos<\/b><\/h3>\n<p><span style=\"font-weight: 400;\">Invista na capacita\u00e7\u00e3o cont\u00ednua dos colaboradores sobre o que configura ass\u00e9dio moral e sexual, quais s\u00e3o as consequ\u00eancias legais e organizacionais dessas pr\u00e1ticas e como reportar ocorr\u00eancias. O treinamento deve ser obrigat\u00f3rio e recorrente, garantindo que todos estejam constantemente atualizados e atentos.<\/span><\/p>\n<h3><b>2. Pol\u00edticas Claras e Transparentes<\/b><\/h3>\n<p><span style=\"font-weight: 400;\">Desenvolva e divulgue amplamente pol\u00edticas internas sobre comportamentos aceit\u00e1veis e inaceit\u00e1veis no ambiente de trabalho. Quanto mais transparente e acess\u00edvel for a pol\u00edtica, maior ser\u00e1 o compromisso dos colaboradores em respeit\u00e1-la.<\/span><\/p>\n<h3><b>3. Canal de Den\u00fancias An\u00f4nimas<\/b><\/h3>\n<p><span style=\"font-weight: 400;\">Ofere\u00e7a um canal de den\u00fancias efetivo, seguro e confidencial. O Ouvidor Digital \u00e9 uma ferramenta essencial para que colaboradores possam denunciar casos de ass\u00e9dio sem receio de retalia\u00e7\u00f5es, garantindo privacidade e seguran\u00e7a nas comunica\u00e7\u00f5es.<\/span><\/p>\n<h3><b>4. Apoio Psicol\u00f3gico<\/b><\/h3>\n<p><span style=\"font-weight: 400;\">Proporcione acesso a servi\u00e7os de apoio psicol\u00f3gico e emocional. O suporte profissional ajuda colaboradores que passaram por situa\u00e7\u00f5es de ass\u00e9dio ou que estejam enfrentando dificuldades emocionais no ambiente de trabalho, contribuindo para sua recupera\u00e7\u00e3o e bem-estar cont\u00ednuo.<\/span><\/p>\n<h3><b>5. Lideran\u00e7a Ativa e Engajada<\/b><\/h3>\n<p><span style=\"font-weight: 400;\">Envolva a lideran\u00e7a diretamente nas a\u00e7\u00f5es de preven\u00e7\u00e3o ao ass\u00e9dio. L\u00edderes comprometidos, que d\u00e3o exemplo de comportamento \u00e9tico e respeitoso, s\u00e3o fundamentais para estabelecer uma cultura organizacional saud\u00e1vel.<\/span><\/p>\n<h3><b>6. Escuta Ativa e Transpar\u00eancia<\/b><\/h3>\n<p><span style=\"font-weight: 400;\">Promova uma cultura de escuta ativa dentro da empresa. Ofere\u00e7a espa\u00e7os para di\u00e1logos abertos e acolha sugest\u00f5es e den\u00fancias com seriedade, garantindo que os colaboradores se sintam valorizados e seguros para expressar suas preocupa\u00e7\u00f5es.<\/span><\/p>\n<h2><b>Conclus\u00e3o<\/b><\/h2>\n<p><span style=\"font-weight: 400;\">Prevenir o ass\u00e9dio moral e sexual no ambiente corporativo \u00e9 uma responsabilidade \u00e9tica e legal das empresas. Ao investir nessas pr\u00e1ticas, sua organiza\u00e7\u00e3o n\u00e3o apenas cumpre a legisla\u00e7\u00e3o, mas tamb\u00e9m melhora significativamente o clima organizacional, aumenta a produtividade e fortalece a imagem da empresa como uma entidade \u00e9tica e preocupada com o bem-estar integral de seus colaboradores.<\/span><\/p>\n<p><span style=\"font-weight: 400;\">Neste Abril Verde, adote essas pr\u00e1ticas e contribua para um ambiente de trabalho seguro, saud\u00e1vel e harmonioso.<\/span><\/p>\n<p>&nbsp;<\/p>\n","protected":false},"excerpt":{"rendered":"<p>O m\u00eas de abril \u00e9 dedicado \u00e0 conscientiza\u00e7\u00e3o sobre sa\u00fade e seguran\u00e7a no trabalho. O chamado Abril Verde destaca a import\u00e2ncia dessas pr\u00e1ticas, especialmente com as recentes atualiza\u00e7\u00f5es trazidas pela nova CIPA, regulamentada pela Lei 14.457\/22, que ampliou significativamente o escopo da sa\u00fade ocupacional, passando a abranger quest\u00f5es relacionadas ao ass\u00e9dio moral e outras formas [&hellip;]<\/p>\n","protected":false},"author":7,"featured_media":7452,"comment_status":"closed","ping_status":"closed","sticky":false,"template":"","format":"standard","meta":{"_acf_changed":false,"footnotes":""},"categories":[46],"tags":[],"class_list":["post-7451","post","type-post","status-publish","format-standard","has-post-thumbnail","hentry","category-recursos-humanos"],"acf":[],"yoast_head":"<!-- This site is optimized with the Yoast SEO plugin v27.0 - https:\/\/yoast.com\/product\/yoast-seo-wordpress\/ -->\n<title>Abril Verde: preven\u00e7\u00e3o ao ass\u00e9dio no trabalho | Ouvidor Digital<\/title>\n<meta name=\"description\" content=\"No Abril Verde, saiba como a nova CIPA fortalece o combate ao ass\u00e9dio nas empresas, promovendo sa\u00fade mental e seguran\u00e7a no trabalho.\" \/>\n<meta name=\"robots\" content=\"index, follow, max-snippet:-1, max-image-preview:large, max-video-preview:-1\" \/>\n<link rel=\"canonical\" href=\"https:\/\/ouvidordigital.com.br\/blog\/abril-verde-prevencao-assedio-nova-cipa\/\" \/>\n<meta property=\"og:locale\" content=\"pt_BR\" \/>\n<meta property=\"og:type\" content=\"article\" \/>\n<meta property=\"og:title\" content=\"Abril Verde: preven\u00e7\u00e3o ao ass\u00e9dio no trabalho | Ouvidor Digital\" \/>\n<meta property=\"og:description\" content=\"No Abril Verde, saiba como a nova CIPA fortalece o combate ao ass\u00e9dio nas empresas, promovendo sa\u00fade mental e seguran\u00e7a no trabalho.\" \/>\n<meta property=\"og:url\" content=\"https:\/\/ouvidordigital.com.br\/blog\/abril-verde-prevencao-assedio-nova-cipa\/\" \/>\n<meta property=\"og:site_name\" content=\"Canal de Den\u00fancias, o Blog do Ouvidor Digital\" \/>\n<meta property=\"article:publisher\" content=\"https:\/\/www.facebook.com\/ouvidordigital\/\" \/>\n<meta property=\"article:published_time\" content=\"2025-04-04T20:07:09+00:00\" \/>\n<meta property=\"article:modified_time\" content=\"2025-04-04T20:16:26+00:00\" \/>\n<meta property=\"og:image\" content=\"https:\/\/ouvidordigital.com.br\/blog\/wp-content\/uploads\/2025\/04\/imagem-de-topo-novo-blog.png\" \/>\n\t<meta property=\"og:image:width\" content=\"1100\" \/>\n\t<meta property=\"og:image:height\" content=\"400\" \/>\n\t<meta property=\"og:image:type\" content=\"image\/png\" \/>\n<meta name=\"author\" content=\"Maria Lucia Walerko\" \/>\n<meta name=\"twitter:card\" content=\"summary_large_image\" \/>\n<meta name=\"twitter:label1\" content=\"Escrito por\" \/>\n\t<meta name=\"twitter:data1\" content=\"Maria Lucia Walerko\" \/>\n\t<meta name=\"twitter:label2\" content=\"Est. tempo de leitura\" \/>\n\t<meta name=\"twitter:data2\" content=\"3 minutos\" \/>\n<script type=\"application\/ld+json\" class=\"yoast-schema-graph\">{\"@context\":\"https:\/\/schema.org\",\"@graph\":[{\"@type\":\"Article\",\"@id\":\"https:\/\/ouvidordigital.com.br\/blog\/abril-verde-prevencao-assedio-nova-cipa\/#article\",\"isPartOf\":{\"@id\":\"https:\/\/ouvidordigital.com.br\/blog\/abril-verde-prevencao-assedio-nova-cipa\/\"},\"author\":{\"name\":\"Maria Lucia Walerko\",\"@id\":\"https:\/\/ouvidordigital.com.br\/blog\/#\/schema\/person\/02a76b4874c040125daaff45a975f687\"},\"headline\":\"Abril Verde: Preven\u00e7\u00e3o ao Ass\u00e9dio e Constru\u00e7\u00e3o de um Ambiente de Trabalho Seguro e Saud\u00e1vel\",\"datePublished\":\"2025-04-04T20:07:09+00:00\",\"dateModified\":\"2025-04-04T20:16:26+00:00\",\"mainEntityOfPage\":{\"@id\":\"https:\/\/ouvidordigital.com.br\/blog\/abril-verde-prevencao-assedio-nova-cipa\/\"},\"wordCount\":616,\"publisher\":{\"@id\":\"https:\/\/ouvidordigital.com.br\/blog\/#organization\"},\"image\":{\"@id\":\"https:\/\/ouvidordigital.com.br\/blog\/abril-verde-prevencao-assedio-nova-cipa\/#primaryimage\"},\"thumbnailUrl\":\"https:\/\/ouvidordigital.com.br\/blog\/wp-content\/uploads\/2025\/04\/imagem-de-topo-novo-blog.png\",\"articleSection\":[\"Recursos Humanos\"],\"inLanguage\":\"pt-BR\"},{\"@type\":\"WebPage\",\"@id\":\"https:\/\/ouvidordigital.com.br\/blog\/abril-verde-prevencao-assedio-nova-cipa\/\",\"url\":\"https:\/\/ouvidordigital.com.br\/blog\/abril-verde-prevencao-assedio-nova-cipa\/\",\"name\":\"Abril Verde: preven\u00e7\u00e3o ao ass\u00e9dio no trabalho | Ouvidor Digital\",\"isPartOf\":{\"@id\":\"https:\/\/ouvidordigital.com.br\/blog\/#website\"},\"primaryImageOfPage\":{\"@id\":\"https:\/\/ouvidordigital.com.br\/blog\/abril-verde-prevencao-assedio-nova-cipa\/#primaryimage\"},\"image\":{\"@id\":\"https:\/\/ouvidordigital.com.br\/blog\/abril-verde-prevencao-assedio-nova-cipa\/#primaryimage\"},\"thumbnailUrl\":\"https:\/\/ouvidordigital.com.br\/blog\/wp-content\/uploads\/2025\/04\/imagem-de-topo-novo-blog.png\",\"datePublished\":\"2025-04-04T20:07:09+00:00\",\"dateModified\":\"2025-04-04T20:16:26+00:00\",\"description\":\"No Abril Verde, saiba como a nova CIPA fortalece o combate ao ass\u00e9dio nas empresas, promovendo sa\u00fade mental e seguran\u00e7a no trabalho.\",\"breadcrumb\":{\"@id\":\"https:\/\/ouvidordigital.com.br\/blog\/abril-verde-prevencao-assedio-nova-cipa\/#breadcrumb\"},\"inLanguage\":\"pt-BR\",\"potentialAction\":[{\"@type\":\"ReadAction\",\"target\":[\"https:\/\/ouvidordigital.com.br\/blog\/abril-verde-prevencao-assedio-nova-cipa\/\"]}]},{\"@type\":\"ImageObject\",\"inLanguage\":\"pt-BR\",\"@id\":\"https:\/\/ouvidordigital.com.br\/blog\/abril-verde-prevencao-assedio-nova-cipa\/#primaryimage\",\"url\":\"https:\/\/ouvidordigital.com.br\/blog\/wp-content\/uploads\/2025\/04\/imagem-de-topo-novo-blog.png\",\"contentUrl\":\"https:\/\/ouvidordigital.com.br\/blog\/wp-content\/uploads\/2025\/04\/imagem-de-topo-novo-blog.png\",\"width\":1100,\"height\":400},{\"@type\":\"BreadcrumbList\",\"@id\":\"https:\/\/ouvidordigital.com.br\/blog\/abril-verde-prevencao-assedio-nova-cipa\/#breadcrumb\",\"itemListElement\":[{\"@type\":\"ListItem\",\"position\":1,\"name\":\"In\u00edcio\",\"item\":\"https:\/\/ouvidordigital.com.br\/blog\/\"},{\"@type\":\"ListItem\",\"position\":2,\"name\":\"Recursos Humanos\",\"item\":\"https:\/\/ouvidordigital.com.br\/blog\/categoria\/recursos-humanos\/\"},{\"@type\":\"ListItem\",\"position\":3,\"name\":\"Abril Verde: Preven\u00e7\u00e3o ao Ass\u00e9dio e Constru\u00e7\u00e3o de um Ambiente de Trabalho Seguro e Saud\u00e1vel\"}]},{\"@type\":\"WebSite\",\"@id\":\"https:\/\/ouvidordigital.com.br\/blog\/#website\",\"url\":\"https:\/\/ouvidordigital.com.br\/blog\/\",\"name\":\"Blog do Ouvidor Digital\",\"description\":\"Fique por dentro das novidades do mercado, aspectos regulat\u00f3rios, al\u00e9m de todos os benef\u00edcios da implementa\u00e7\u00e3o de um Canal de Den\u00fancias.\",\"publisher\":{\"@id\":\"https:\/\/ouvidordigital.com.br\/blog\/#organization\"},\"potentialAction\":[{\"@type\":\"SearchAction\",\"target\":{\"@type\":\"EntryPoint\",\"urlTemplate\":\"https:\/\/ouvidordigital.com.br\/blog\/?s={search_term_string}\"},\"query-input\":{\"@type\":\"PropertyValueSpecification\",\"valueRequired\":true,\"valueName\":\"search_term_string\"}}],\"inLanguage\":\"pt-BR\"},{\"@type\":\"Organization\",\"@id\":\"https:\/\/ouvidordigital.com.br\/blog\/#organization\",\"name\":\"Ouvidor Digital\",\"url\":\"https:\/\/ouvidordigital.com.br\/blog\/\",\"logo\":{\"@type\":\"ImageObject\",\"inLanguage\":\"pt-BR\",\"@id\":\"https:\/\/ouvidordigital.com.br\/blog\/#\/schema\/logo\/image\/\",\"url\":\"https:\/\/ouvidordigital.com.br\/blog\/wp-content\/uploads\/2025\/01\/logo_blog_OD_1.png\",\"contentUrl\":\"https:\/\/ouvidordigital.com.br\/blog\/wp-content\/uploads\/2025\/01\/logo_blog_OD_1.png\",\"width\":392,\"height\":260,\"caption\":\"Ouvidor Digital\"},\"image\":{\"@id\":\"https:\/\/ouvidordigital.com.br\/blog\/#\/schema\/logo\/image\/\"},\"sameAs\":[\"https:\/\/www.facebook.com\/ouvidordigital\/\",\"https:\/\/www.linkedin.com\/company\/ouvidor-digital\"]},{\"@type\":\"Person\",\"@id\":\"https:\/\/ouvidordigital.com.br\/blog\/#\/schema\/person\/02a76b4874c040125daaff45a975f687\",\"name\":\"Maria Lucia Walerko\",\"image\":{\"@type\":\"ImageObject\",\"inLanguage\":\"pt-BR\",\"@id\":\"https:\/\/ouvidordigital.com.br\/blog\/#\/schema\/person\/image\/\",\"url\":\"https:\/\/secure.gravatar.com\/avatar\/21517d21d857ce9998331d638049af8e8630df3c781f7e3f017cd367a110bc65?s=96&d=mm&r=g\",\"contentUrl\":\"https:\/\/secure.gravatar.com\/avatar\/21517d21d857ce9998331d638049af8e8630df3c781f7e3f017cd367a110bc65?s=96&d=mm&r=g\",\"caption\":\"Maria Lucia Walerko\"},\"description\":\"Ol\u00e1, tudo bem? \ud83d\ude0a Eu sou a Maria Lucia, sou Analista de Comunica\u00e7\u00e3o no Ouvidor Digital. Meu principal desafio \u00e9 trazer as novidades do mundo de Compliance, Governan\u00e7a Corporativa e Canal de Den\u00fancias de forma descomplicada. Espero que o nosso trabalho contribua para o crescimento da sua empresa!\",\"url\":\"https:\/\/ouvidordigital.com.br\/blog\/author\/malu\/\"}]}<\/script>\n<!-- \/ Yoast SEO plugin. -->","yoast_head_json":{"title":"Abril Verde: preven\u00e7\u00e3o ao ass\u00e9dio no trabalho | Ouvidor Digital","description":"No Abril Verde, saiba como a nova CIPA fortalece o combate ao ass\u00e9dio nas empresas, promovendo sa\u00fade mental e seguran\u00e7a no trabalho.","robots":{"index":"index","follow":"follow","max-snippet":"max-snippet:-1","max-image-preview":"max-image-preview:large","max-video-preview":"max-video-preview:-1"},"canonical":"https:\/\/ouvidordigital.com.br\/blog\/abril-verde-prevencao-assedio-nova-cipa\/","og_locale":"pt_BR","og_type":"article","og_title":"Abril Verde: preven\u00e7\u00e3o ao ass\u00e9dio no trabalho | Ouvidor Digital","og_description":"No Abril Verde, saiba como a nova CIPA fortalece o combate ao ass\u00e9dio nas empresas, promovendo sa\u00fade mental e seguran\u00e7a no trabalho.","og_url":"https:\/\/ouvidordigital.com.br\/blog\/abril-verde-prevencao-assedio-nova-cipa\/","og_site_name":"Canal de Den\u00fancias, o Blog do Ouvidor Digital","article_publisher":"https:\/\/www.facebook.com\/ouvidordigital\/","article_published_time":"2025-04-04T20:07:09+00:00","article_modified_time":"2025-04-04T20:16:26+00:00","og_image":[{"width":1100,"height":400,"url":"https:\/\/ouvidordigital.com.br\/blog\/wp-content\/uploads\/2025\/04\/imagem-de-topo-novo-blog.png","type":"image\/png"}],"author":"Maria Lucia Walerko","twitter_card":"summary_large_image","twitter_misc":{"Escrito por":"Maria Lucia Walerko","Est. tempo de leitura":"3 minutos"},"schema":{"@context":"https:\/\/schema.org","@graph":[{"@type":"Article","@id":"https:\/\/ouvidordigital.com.br\/blog\/abril-verde-prevencao-assedio-nova-cipa\/#article","isPartOf":{"@id":"https:\/\/ouvidordigital.com.br\/blog\/abril-verde-prevencao-assedio-nova-cipa\/"},"author":{"name":"Maria Lucia Walerko","@id":"https:\/\/ouvidordigital.com.br\/blog\/#\/schema\/person\/02a76b4874c040125daaff45a975f687"},"headline":"Abril Verde: Preven\u00e7\u00e3o ao Ass\u00e9dio e Constru\u00e7\u00e3o de um Ambiente de Trabalho Seguro e Saud\u00e1vel","datePublished":"2025-04-04T20:07:09+00:00","dateModified":"2025-04-04T20:16:26+00:00","mainEntityOfPage":{"@id":"https:\/\/ouvidordigital.com.br\/blog\/abril-verde-prevencao-assedio-nova-cipa\/"},"wordCount":616,"publisher":{"@id":"https:\/\/ouvidordigital.com.br\/blog\/#organization"},"image":{"@id":"https:\/\/ouvidordigital.com.br\/blog\/abril-verde-prevencao-assedio-nova-cipa\/#primaryimage"},"thumbnailUrl":"https:\/\/ouvidordigital.com.br\/blog\/wp-content\/uploads\/2025\/04\/imagem-de-topo-novo-blog.png","articleSection":["Recursos Humanos"],"inLanguage":"pt-BR"},{"@type":"WebPage","@id":"https:\/\/ouvidordigital.com.br\/blog\/abril-verde-prevencao-assedio-nova-cipa\/","url":"https:\/\/ouvidordigital.com.br\/blog\/abril-verde-prevencao-assedio-nova-cipa\/","name":"Abril Verde: preven\u00e7\u00e3o ao ass\u00e9dio no trabalho | Ouvidor Digital","isPartOf":{"@id":"https:\/\/ouvidordigital.com.br\/blog\/#website"},"primaryImageOfPage":{"@id":"https:\/\/ouvidordigital.com.br\/blog\/abril-verde-prevencao-assedio-nova-cipa\/#primaryimage"},"image":{"@id":"https:\/\/ouvidordigital.com.br\/blog\/abril-verde-prevencao-assedio-nova-cipa\/#primaryimage"},"thumbnailUrl":"https:\/\/ouvidordigital.com.br\/blog\/wp-content\/uploads\/2025\/04\/imagem-de-topo-novo-blog.png","datePublished":"2025-04-04T20:07:09+00:00","dateModified":"2025-04-04T20:16:26+00:00","description":"No Abril Verde, saiba como a nova CIPA fortalece o combate ao ass\u00e9dio nas empresas, promovendo sa\u00fade mental e seguran\u00e7a no trabalho.","breadcrumb":{"@id":"https:\/\/ouvidordigital.com.br\/blog\/abril-verde-prevencao-assedio-nova-cipa\/#breadcrumb"},"inLanguage":"pt-BR","potentialAction":[{"@type":"ReadAction","target":["https:\/\/ouvidordigital.com.br\/blog\/abril-verde-prevencao-assedio-nova-cipa\/"]}]},{"@type":"ImageObject","inLanguage":"pt-BR","@id":"https:\/\/ouvidordigital.com.br\/blog\/abril-verde-prevencao-assedio-nova-cipa\/#primaryimage","url":"https:\/\/ouvidordigital.com.br\/blog\/wp-content\/uploads\/2025\/04\/imagem-de-topo-novo-blog.png","contentUrl":"https:\/\/ouvidordigital.com.br\/blog\/wp-content\/uploads\/2025\/04\/imagem-de-topo-novo-blog.png","width":1100,"height":400},{"@type":"BreadcrumbList","@id":"https:\/\/ouvidordigital.com.br\/blog\/abril-verde-prevencao-assedio-nova-cipa\/#breadcrumb","itemListElement":[{"@type":"ListItem","position":1,"name":"In\u00edcio","item":"https:\/\/ouvidordigital.com.br\/blog\/"},{"@type":"ListItem","position":2,"name":"Recursos Humanos","item":"https:\/\/ouvidordigital.com.br\/blog\/categoria\/recursos-humanos\/"},{"@type":"ListItem","position":3,"name":"Abril Verde: Preven\u00e7\u00e3o ao Ass\u00e9dio e Constru\u00e7\u00e3o de um Ambiente de Trabalho Seguro e Saud\u00e1vel"}]},{"@type":"WebSite","@id":"https:\/\/ouvidordigital.com.br\/blog\/#website","url":"https:\/\/ouvidordigital.com.br\/blog\/","name":"Blog do Ouvidor Digital","description":"Fique por dentro das novidades do mercado, aspectos regulat\u00f3rios, al\u00e9m de todos os benef\u00edcios da implementa\u00e7\u00e3o de um Canal de Den\u00fancias.","publisher":{"@id":"https:\/\/ouvidordigital.com.br\/blog\/#organization"},"potentialAction":[{"@type":"SearchAction","target":{"@type":"EntryPoint","urlTemplate":"https:\/\/ouvidordigital.com.br\/blog\/?s={search_term_string}"},"query-input":{"@type":"PropertyValueSpecification","valueRequired":true,"valueName":"search_term_string"}}],"inLanguage":"pt-BR"},{"@type":"Organization","@id":"https:\/\/ouvidordigital.com.br\/blog\/#organization","name":"Ouvidor Digital","url":"https:\/\/ouvidordigital.com.br\/blog\/","logo":{"@type":"ImageObject","inLanguage":"pt-BR","@id":"https:\/\/ouvidordigital.com.br\/blog\/#\/schema\/logo\/image\/","url":"https:\/\/ouvidordigital.com.br\/blog\/wp-content\/uploads\/2025\/01\/logo_blog_OD_1.png","contentUrl":"https:\/\/ouvidordigital.com.br\/blog\/wp-content\/uploads\/2025\/01\/logo_blog_OD_1.png","width":392,"height":260,"caption":"Ouvidor Digital"},"image":{"@id":"https:\/\/ouvidordigital.com.br\/blog\/#\/schema\/logo\/image\/"},"sameAs":["https:\/\/www.facebook.com\/ouvidordigital\/","https:\/\/www.linkedin.com\/company\/ouvidor-digital"]},{"@type":"Person","@id":"https:\/\/ouvidordigital.com.br\/blog\/#\/schema\/person\/02a76b4874c040125daaff45a975f687","name":"Maria Lucia Walerko","image":{"@type":"ImageObject","inLanguage":"pt-BR","@id":"https:\/\/ouvidordigital.com.br\/blog\/#\/schema\/person\/image\/","url":"https:\/\/secure.gravatar.com\/avatar\/21517d21d857ce9998331d638049af8e8630df3c781f7e3f017cd367a110bc65?s=96&d=mm&r=g","contentUrl":"https:\/\/secure.gravatar.com\/avatar\/21517d21d857ce9998331d638049af8e8630df3c781f7e3f017cd367a110bc65?s=96&d=mm&r=g","caption":"Maria Lucia Walerko"},"description":"Ol\u00e1, tudo bem? \ud83d\ude0a Eu sou a Maria Lucia, sou Analista de Comunica\u00e7\u00e3o no Ouvidor Digital. Meu principal desafio \u00e9 trazer as novidades do mundo de Compliance, Governan\u00e7a Corporativa e Canal de Den\u00fancias de forma descomplicada. Espero que o nosso trabalho contribua para o crescimento da sua empresa!","url":"https:\/\/ouvidordigital.com.br\/blog\/author\/malu\/"}]}},"_links":{"self":[{"href":"https:\/\/ouvidordigital.com.br\/blog\/wp-json\/wp\/v2\/posts\/7451","targetHints":{"allow":["GET"]}}],"collection":[{"href":"https:\/\/ouvidordigital.com.br\/blog\/wp-json\/wp\/v2\/posts"}],"about":[{"href":"https:\/\/ouvidordigital.com.br\/blog\/wp-json\/wp\/v2\/types\/post"}],"author":[{"embeddable":true,"href":"https:\/\/ouvidordigital.com.br\/blog\/wp-json\/wp\/v2\/users\/7"}],"replies":[{"embeddable":true,"href":"https:\/\/ouvidordigital.com.br\/blog\/wp-json\/wp\/v2\/comments?post=7451"}],"version-history":[{"count":0,"href":"https:\/\/ouvidordigital.com.br\/blog\/wp-json\/wp\/v2\/posts\/7451\/revisions"}],"wp:featuredmedia":[{"embeddable":true,"href":"https:\/\/ouvidordigital.com.br\/blog\/wp-json\/wp\/v2\/media\/7452"}],"wp:attachment":[{"href":"https:\/\/ouvidordigital.com.br\/blog\/wp-json\/wp\/v2\/media?parent=7451"}],"wp:term":[{"taxonomy":"category","embeddable":true,"href":"https:\/\/ouvidordigital.com.br\/blog\/wp-json\/wp\/v2\/categories?post=7451"},{"taxonomy":"post_tag","embeddable":true,"href":"https:\/\/ouvidordigital.com.br\/blog\/wp-json\/wp\/v2\/tags?post=7451"}],"curies":[{"name":"wp","href":"https:\/\/api.w.org\/{rel}","templated":true}]}}