{"id":8124,"date":"2026-03-13T14:40:56","date_gmt":"2026-03-13T17:40:56","guid":{"rendered":"https:\/\/ouvidordigital.com.br\/blog\/?p=8124"},"modified":"2026-03-13T14:43:22","modified_gmt":"2026-03-13T17:43:22","slug":"canal-de-denuncias-prevencao-assedio-trabalho","status":"publish","type":"post","link":"https:\/\/ouvidordigital.com.br\/blog\/canal-de-denuncias-prevencao-assedio-trabalho\/","title":{"rendered":"Canal de den\u00fancias e preven\u00e7\u00e3o de ass\u00e9dio no ambiente de trabalho"},"content":{"rendered":"<p><span style=\"font-weight: 400;\">No contexto corporativo brasileiro, o canal de den\u00fancias \u00e9 uma ferramenta essencial para a preven\u00e7\u00e3o do ass\u00e9dio no ambiente de trabalho. A exist\u00eancia de um mecanismo seguro e acess\u00edvel n\u00e3o apenas facilita a identifica\u00e7\u00e3o de comportamentos inadequados, como tamb\u00e9m fortalece a cultura \u00e9tica das organiza\u00e7\u00f5es. Para compliance officers, gestores de RH, advogados corporativos e l\u00edderes de governan\u00e7a, compreender a import\u00e2ncia e a correta implementa\u00e7\u00e3o desse canal \u00e9 fundamental para atender \u00e0s exig\u00eancias da legisla\u00e7\u00e3o, como a Lei 14.457\/2022, e promover um ambiente saud\u00e1vel e seguro para todos os colaboradores.<\/span><\/p>\n<p>&nbsp;<\/p>\n<h2><b>Import\u00e2ncia do canal de den\u00fancias na preven\u00e7\u00e3o do ass\u00e9dio<\/b><\/h2>\n<p><span style=\"font-weight: 400;\">O canal de den\u00fancias funciona como um instrumento estrat\u00e9gico para identificar e coibir pr\u00e1ticas de ass\u00e9dio, sejam elas moral, sexual ou discriminat\u00f3rias. Al\u00e9m de ser um requisito previsto em normas de governan\u00e7a e compliance, o canal assegura anonimato e prote\u00e7\u00e3o ao denunciante, incentivando a comunica\u00e7\u00e3o transparente. Dessa forma, a empresa consegue agir preventivamente, evitando que casos se agravem e impactem negativamente a cultura organizacional e a reputa\u00e7\u00e3o corporativa.<\/span><\/p>\n<p>&nbsp;<\/p>\n<h2><b>Aspectos legais e regulat\u00f3rios do canal de den\u00fancias no Brasil<\/b><\/h2>\n<p><span style=\"font-weight: 400;\">A legisla\u00e7\u00e3o brasileira tem avan\u00e7ado para garantir que as empresas mantenham canais de den\u00fancias efetivos e em conformidade. A <a href=\"https:\/\/ouvidordigital.com.br\/blog\/cipa-e-a-nova-legislacao-trabalhista\/\">Lei 14.457\/2022<\/a>, que criou o Programa Emprega + Mulheres, enfatiza a import\u00e2ncia do programa de integridade, incluindo canais acess\u00edveis para comunica\u00e7\u00e3o de irregularidades. Al\u00e9m disso, a legisla\u00e7\u00e3o trabalhista e normas complementares refor\u00e7am a necessidade de mecanismos que protejam o colaborador contra retalia\u00e7\u00f5es, assegurando o direito \u00e0 intimidade e \u00e0 dignidade no ambiente de trabalho.<\/span><\/p>\n<p>&nbsp;<\/p>\n<h2><b>Boas pr\u00e1ticas para estruturar um canal de den\u00fancias eficiente<\/b><\/h2>\n<p><span style=\"font-weight: 400;\">Para que o canal de den\u00fancias seja realmente efetivo na preven\u00e7\u00e3o do ass\u00e9dio, \u00e9 fundamental que ele seja claro, confidencial e acess\u00edvel a todos os colaboradores. A empresa deve garantir a apura\u00e7\u00e3o rigorosa das den\u00fancias, comunicar os resultados e adotar medidas corretivas quando necess\u00e1rio. Treinamentos peri\u00f3dicos e a promo\u00e7\u00e3o de uma cultura de \u00e9tica e respeito s\u00e3o complementares essenciais para que o canal n\u00e3o seja apenas um requisito formal, mas uma ferramenta viva dentro da organiza\u00e7\u00e3o.<\/span><\/p>\n<p>&nbsp;<\/p>\n<h2><b>O papel da cultura organizacional e da lideran\u00e7a no uso do canal de den\u00fancias<\/b><\/h2>\n<p><span style=\"font-weight: 400;\">A efetividade do canal de den\u00fancias depende diretamente da cultura organizacional e do comprometimento da lideran\u00e7a. Gestores e comit\u00eas de \u00e9tica precisam estimular o uso respons\u00e1vel do canal, demonstrando que den\u00fancias s\u00e3o tratadas com seriedade e sem retalia\u00e7\u00e3o. Uma cultura que valoriza a transpar\u00eancia e o respeito contribui para um ambiente onde o ass\u00e9dio \u00e9 menos tolerado e as pr\u00e1ticas \u00e9ticas s\u00e3o fortalecidas.<\/span><\/p>\n<p>&nbsp;<\/p>\n<h2><b>Conclus\u00e3o<\/b><\/h2>\n<p><span style=\"font-weight: 400;\">O canal de den\u00fancias \u00e9 um elemento chave na preven\u00e7\u00e3o do ass\u00e9dio no ambiente de trabalho, alinhando-se \u00e0s exig\u00eancias legais brasileiras e promovendo a integridade corporativa. Para compliance officers e demais profissionais respons\u00e1veis, estruturar e manter esse canal de forma eficaz \u00e9 um passo decisivo para garantir ambientes seguros e \u00e9ticos. A integra\u00e7\u00e3o entre tecnologia, processos e cultura organizacional potencializa os resultados e fortalece a governan\u00e7a.<\/span><\/p>\n<p>&nbsp;<\/p>\n<p><span style=\"font-weight: 400;\">Se sua empresa deseja implementar ou fortalecer um canal de den\u00fancias, <a href=\"https:\/\/wa.me\/5531990759168?text=Ol%C3%A1!%20Vim%20do%20blog%20e%20quero%20conhecer%20as%20solu%C3%A7%C3%B5es%20do%20Ouvidor%20Digital.\">conhe\u00e7a as solu\u00e7\u00f5es da Ouvidor Digital e veja como estruturar um programa de integridade mais eficaz<\/a>.<\/span><\/p>\n","protected":false},"excerpt":{"rendered":"<p>No contexto corporativo brasileiro, o canal de den\u00fancias \u00e9 uma ferramenta essencial para a preven\u00e7\u00e3o do ass\u00e9dio no ambiente de trabalho. A exist\u00eancia de um mecanismo seguro e acess\u00edvel n\u00e3o apenas facilita a identifica\u00e7\u00e3o de comportamentos inadequados, como tamb\u00e9m fortalece a cultura \u00e9tica das organiza\u00e7\u00f5es. Para compliance officers, gestores de RH, advogados corporativos e l\u00edderes [&hellip;]<\/p>\n","protected":false},"author":20,"featured_media":8125,"comment_status":"closed","ping_status":"closed","sticky":false,"template":"","format":"standard","meta":{"_acf_changed":false,"footnotes":""},"categories":[40],"tags":[],"class_list":["post-8124","post","type-post","status-publish","format-standard","has-post-thumbnail","hentry","category-canal-de-denuncias"],"acf":[],"yoast_head":"<!-- This site is optimized with the Yoast SEO plugin v27.0 - https:\/\/yoast.com\/product\/yoast-seo-wordpress\/ -->\n<title>Canal de den\u00fancias para preven\u00e7\u00e3o de ass\u00e9dio no trabalho | Canal de Den\u00fancias, o Blog do Ouvidor Digital<\/title>\n<meta name=\"description\" content=\"Saiba como o canal de den\u00fancias ajuda a prevenir ass\u00e9dio no trabalho e atende \u00e0 legisla\u00e7\u00e3o brasileira de compliance corporativo.\" \/>\n<meta name=\"robots\" content=\"index, follow, max-snippet:-1, max-image-preview:large, max-video-preview:-1\" \/>\n<link rel=\"canonical\" href=\"https:\/\/ouvidordigital.com.br\/blog\/canal-de-denuncias-prevencao-assedio-trabalho\/\" \/>\n<meta property=\"og:locale\" content=\"pt_BR\" \/>\n<meta property=\"og:type\" content=\"article\" \/>\n<meta property=\"og:title\" content=\"Canal de den\u00fancias para preven\u00e7\u00e3o de ass\u00e9dio no trabalho | Canal de Den\u00fancias, o Blog do Ouvidor Digital\" \/>\n<meta property=\"og:description\" content=\"Saiba como o canal de den\u00fancias ajuda a prevenir ass\u00e9dio no trabalho e atende \u00e0 legisla\u00e7\u00e3o brasileira de compliance corporativo.\" \/>\n<meta property=\"og:url\" content=\"https:\/\/ouvidordigital.com.br\/blog\/canal-de-denuncias-prevencao-assedio-trabalho\/\" \/>\n<meta property=\"og:site_name\" content=\"Canal de Den\u00fancias, o Blog do Ouvidor Digital\" \/>\n<meta property=\"article:publisher\" content=\"https:\/\/www.facebook.com\/ouvidordigital\/\" \/>\n<meta property=\"article:published_time\" content=\"2026-03-13T17:40:56+00:00\" \/>\n<meta property=\"article:modified_time\" content=\"2026-03-13T17:43:22+00:00\" \/>\n<meta property=\"og:image\" content=\"https:\/\/ouvidordigital.com.br\/blog\/wp-content\/uploads\/2026\/03\/Gemini_Generated_Image_d5f2zrd5f2zrd5f2-1024x373.png\" \/>\n\t<meta property=\"og:image:width\" content=\"1024\" \/>\n\t<meta property=\"og:image:height\" content=\"373\" \/>\n\t<meta property=\"og:image:type\" content=\"image\/png\" \/>\n<meta name=\"author\" content=\"Reda\u00e7\u00e3o Ouvidor Digital\" \/>\n<meta name=\"twitter:card\" content=\"summary_large_image\" \/>\n<meta name=\"twitter:label1\" content=\"Escrito por\" \/>\n\t<meta name=\"twitter:data1\" content=\"Reda\u00e7\u00e3o Ouvidor Digital\" \/>\n\t<meta name=\"twitter:label2\" content=\"Est. tempo de leitura\" \/>\n\t<meta name=\"twitter:data2\" content=\"3 minutos\" \/>\n<script type=\"application\/ld+json\" class=\"yoast-schema-graph\">{\"@context\":\"https:\/\/schema.org\",\"@graph\":[{\"@type\":\"Article\",\"@id\":\"https:\/\/ouvidordigital.com.br\/blog\/canal-de-denuncias-prevencao-assedio-trabalho\/#article\",\"isPartOf\":{\"@id\":\"https:\/\/ouvidordigital.com.br\/blog\/canal-de-denuncias-prevencao-assedio-trabalho\/\"},\"author\":{\"name\":\"Reda\u00e7\u00e3o Ouvidor Digital\",\"@id\":\"https:\/\/ouvidordigital.com.br\/blog\/#\/schema\/person\/286de3708a81244ae1727d68fdff3fe3\"},\"headline\":\"Canal de den\u00fancias e preven\u00e7\u00e3o de ass\u00e9dio no ambiente de trabalho\",\"datePublished\":\"2026-03-13T17:40:56+00:00\",\"dateModified\":\"2026-03-13T17:43:22+00:00\",\"mainEntityOfPage\":{\"@id\":\"https:\/\/ouvidordigital.com.br\/blog\/canal-de-denuncias-prevencao-assedio-trabalho\/\"},\"wordCount\":594,\"publisher\":{\"@id\":\"https:\/\/ouvidordigital.com.br\/blog\/#organization\"},\"image\":{\"@id\":\"https:\/\/ouvidordigital.com.br\/blog\/canal-de-denuncias-prevencao-assedio-trabalho\/#primaryimage\"},\"thumbnailUrl\":\"https:\/\/ouvidordigital.com.br\/blog\/wp-content\/uploads\/2026\/03\/Gemini_Generated_Image_d5f2zrd5f2zrd5f2-scaled.png\",\"articleSection\":[\"Canal de Den\u00fancias\"],\"inLanguage\":\"pt-BR\"},{\"@type\":\"WebPage\",\"@id\":\"https:\/\/ouvidordigital.com.br\/blog\/canal-de-denuncias-prevencao-assedio-trabalho\/\",\"url\":\"https:\/\/ouvidordigital.com.br\/blog\/canal-de-denuncias-prevencao-assedio-trabalho\/\",\"name\":\"Canal de den\u00fancias para preven\u00e7\u00e3o de ass\u00e9dio no trabalho | Canal de Den\u00fancias, o Blog do Ouvidor Digital\",\"isPartOf\":{\"@id\":\"https:\/\/ouvidordigital.com.br\/blog\/#website\"},\"primaryImageOfPage\":{\"@id\":\"https:\/\/ouvidordigital.com.br\/blog\/canal-de-denuncias-prevencao-assedio-trabalho\/#primaryimage\"},\"image\":{\"@id\":\"https:\/\/ouvidordigital.com.br\/blog\/canal-de-denuncias-prevencao-assedio-trabalho\/#primaryimage\"},\"thumbnailUrl\":\"https:\/\/ouvidordigital.com.br\/blog\/wp-content\/uploads\/2026\/03\/Gemini_Generated_Image_d5f2zrd5f2zrd5f2-scaled.png\",\"datePublished\":\"2026-03-13T17:40:56+00:00\",\"dateModified\":\"2026-03-13T17:43:22+00:00\",\"description\":\"Saiba como o canal de den\u00fancias ajuda a prevenir ass\u00e9dio no trabalho e atende \u00e0 legisla\u00e7\u00e3o brasileira de compliance corporativo.\",\"breadcrumb\":{\"@id\":\"https:\/\/ouvidordigital.com.br\/blog\/canal-de-denuncias-prevencao-assedio-trabalho\/#breadcrumb\"},\"inLanguage\":\"pt-BR\",\"potentialAction\":[{\"@type\":\"ReadAction\",\"target\":[\"https:\/\/ouvidordigital.com.br\/blog\/canal-de-denuncias-prevencao-assedio-trabalho\/\"]}]},{\"@type\":\"ImageObject\",\"inLanguage\":\"pt-BR\",\"@id\":\"https:\/\/ouvidordigital.com.br\/blog\/canal-de-denuncias-prevencao-assedio-trabalho\/#primaryimage\",\"url\":\"https:\/\/ouvidordigital.com.br\/blog\/wp-content\/uploads\/2026\/03\/Gemini_Generated_Image_d5f2zrd5f2zrd5f2-scaled.png\",\"contentUrl\":\"https:\/\/ouvidordigital.com.br\/blog\/wp-content\/uploads\/2026\/03\/Gemini_Generated_Image_d5f2zrd5f2zrd5f2-scaled.png\",\"width\":2560,\"height\":933,\"caption\":\"Fotografia de duas executivas, uma negra com blazer marinho e uma asi\u00e1tica com blazer cinza, conversando em um escrit\u00f3rio moderno. A mulher asi\u00e1tica segura um tablet que exibe o aplicativo 'Relato Seguro' com um logotipo de escudo e cadeado. Um monitor de parede atr\u00e1s delas exibe um dashboard corporativo intitulado 'Gest\u00e3o de Den\u00fancias' em portugu\u00eas, com gr\u00e1ficos e organogramas. Outros funcion\u00e1rios trabalham ao fundo, desfocados, sob luz de escrit\u00f3rio moderna.\"},{\"@type\":\"BreadcrumbList\",\"@id\":\"https:\/\/ouvidordigital.com.br\/blog\/canal-de-denuncias-prevencao-assedio-trabalho\/#breadcrumb\",\"itemListElement\":[{\"@type\":\"ListItem\",\"position\":1,\"name\":\"In\u00edcio\",\"item\":\"https:\/\/ouvidordigital.com.br\/blog\/\"},{\"@type\":\"ListItem\",\"position\":2,\"name\":\"Canal de Den\u00fancias\",\"item\":\"https:\/\/ouvidordigital.com.br\/blog\/categoria\/canal-de-denuncias\/\"},{\"@type\":\"ListItem\",\"position\":3,\"name\":\"Canal de den\u00fancias e preven\u00e7\u00e3o de ass\u00e9dio no ambiente de trabalho\"}]},{\"@type\":\"WebSite\",\"@id\":\"https:\/\/ouvidordigital.com.br\/blog\/#website\",\"url\":\"https:\/\/ouvidordigital.com.br\/blog\/\",\"name\":\"Blog do Ouvidor Digital\",\"description\":\"Fique por dentro das novidades do mercado, aspectos regulat\u00f3rios, al\u00e9m de todos os benef\u00edcios da implementa\u00e7\u00e3o de um Canal de Den\u00fancias.\",\"publisher\":{\"@id\":\"https:\/\/ouvidordigital.com.br\/blog\/#organization\"},\"potentialAction\":[{\"@type\":\"SearchAction\",\"target\":{\"@type\":\"EntryPoint\",\"urlTemplate\":\"https:\/\/ouvidordigital.com.br\/blog\/?s={search_term_string}\"},\"query-input\":{\"@type\":\"PropertyValueSpecification\",\"valueRequired\":true,\"valueName\":\"search_term_string\"}}],\"inLanguage\":\"pt-BR\"},{\"@type\":\"Organization\",\"@id\":\"https:\/\/ouvidordigital.com.br\/blog\/#organization\",\"name\":\"Ouvidor Digital\",\"url\":\"https:\/\/ouvidordigital.com.br\/blog\/\",\"logo\":{\"@type\":\"ImageObject\",\"inLanguage\":\"pt-BR\",\"@id\":\"https:\/\/ouvidordigital.com.br\/blog\/#\/schema\/logo\/image\/\",\"url\":\"https:\/\/ouvidordigital.com.br\/blog\/wp-content\/uploads\/2025\/01\/logo_blog_OD_1.png\",\"contentUrl\":\"https:\/\/ouvidordigital.com.br\/blog\/wp-content\/uploads\/2025\/01\/logo_blog_OD_1.png\",\"width\":392,\"height\":260,\"caption\":\"Ouvidor Digital\"},\"image\":{\"@id\":\"https:\/\/ouvidordigital.com.br\/blog\/#\/schema\/logo\/image\/\"},\"sameAs\":[\"https:\/\/www.facebook.com\/ouvidordigital\/\",\"https:\/\/www.linkedin.com\/company\/ouvidor-digital\"]},{\"@type\":\"Person\",\"@id\":\"https:\/\/ouvidordigital.com.br\/blog\/#\/schema\/person\/286de3708a81244ae1727d68fdff3fe3\",\"name\":\"Reda\u00e7\u00e3o Ouvidor Digital\",\"image\":{\"@type\":\"ImageObject\",\"inLanguage\":\"pt-BR\",\"@id\":\"https:\/\/ouvidordigital.com.br\/blog\/#\/schema\/person\/image\/\",\"url\":\"https:\/\/secure.gravatar.com\/avatar\/45892a52bac3ebdc7a488b7f498f5415d9b1df57fcd28d12ce5b99494d4959fd?s=96&d=mm&r=g\",\"contentUrl\":\"https:\/\/secure.gravatar.com\/avatar\/45892a52bac3ebdc7a488b7f498f5415d9b1df57fcd28d12ce5b99494d4959fd?s=96&d=mm&r=g\",\"caption\":\"Reda\u00e7\u00e3o Ouvidor Digital\"},\"url\":\"https:\/\/ouvidordigital.com.br\/blog\/author\/redacao-ouvidor-digital\/\"}]}<\/script>\n<!-- \/ Yoast SEO plugin. -->","yoast_head_json":{"title":"Canal de den\u00fancias para preven\u00e7\u00e3o de ass\u00e9dio no trabalho | Canal de Den\u00fancias, o Blog do Ouvidor Digital","description":"Saiba como o canal de den\u00fancias ajuda a prevenir ass\u00e9dio no trabalho e atende \u00e0 legisla\u00e7\u00e3o brasileira de compliance corporativo.","robots":{"index":"index","follow":"follow","max-snippet":"max-snippet:-1","max-image-preview":"max-image-preview:large","max-video-preview":"max-video-preview:-1"},"canonical":"https:\/\/ouvidordigital.com.br\/blog\/canal-de-denuncias-prevencao-assedio-trabalho\/","og_locale":"pt_BR","og_type":"article","og_title":"Canal de den\u00fancias para preven\u00e7\u00e3o de ass\u00e9dio no trabalho | Canal de Den\u00fancias, o Blog do Ouvidor Digital","og_description":"Saiba como o canal de den\u00fancias ajuda a prevenir ass\u00e9dio no trabalho e atende \u00e0 legisla\u00e7\u00e3o brasileira de compliance corporativo.","og_url":"https:\/\/ouvidordigital.com.br\/blog\/canal-de-denuncias-prevencao-assedio-trabalho\/","og_site_name":"Canal de Den\u00fancias, o Blog do Ouvidor Digital","article_publisher":"https:\/\/www.facebook.com\/ouvidordigital\/","article_published_time":"2026-03-13T17:40:56+00:00","article_modified_time":"2026-03-13T17:43:22+00:00","og_image":[{"width":1024,"height":373,"url":"https:\/\/ouvidordigital.com.br\/blog\/wp-content\/uploads\/2026\/03\/Gemini_Generated_Image_d5f2zrd5f2zrd5f2-1024x373.png","type":"image\/png"}],"author":"Reda\u00e7\u00e3o Ouvidor Digital","twitter_card":"summary_large_image","twitter_misc":{"Escrito por":"Reda\u00e7\u00e3o Ouvidor Digital","Est. tempo de leitura":"3 minutos"},"schema":{"@context":"https:\/\/schema.org","@graph":[{"@type":"Article","@id":"https:\/\/ouvidordigital.com.br\/blog\/canal-de-denuncias-prevencao-assedio-trabalho\/#article","isPartOf":{"@id":"https:\/\/ouvidordigital.com.br\/blog\/canal-de-denuncias-prevencao-assedio-trabalho\/"},"author":{"name":"Reda\u00e7\u00e3o Ouvidor Digital","@id":"https:\/\/ouvidordigital.com.br\/blog\/#\/schema\/person\/286de3708a81244ae1727d68fdff3fe3"},"headline":"Canal de den\u00fancias e preven\u00e7\u00e3o de ass\u00e9dio no ambiente de trabalho","datePublished":"2026-03-13T17:40:56+00:00","dateModified":"2026-03-13T17:43:22+00:00","mainEntityOfPage":{"@id":"https:\/\/ouvidordigital.com.br\/blog\/canal-de-denuncias-prevencao-assedio-trabalho\/"},"wordCount":594,"publisher":{"@id":"https:\/\/ouvidordigital.com.br\/blog\/#organization"},"image":{"@id":"https:\/\/ouvidordigital.com.br\/blog\/canal-de-denuncias-prevencao-assedio-trabalho\/#primaryimage"},"thumbnailUrl":"https:\/\/ouvidordigital.com.br\/blog\/wp-content\/uploads\/2026\/03\/Gemini_Generated_Image_d5f2zrd5f2zrd5f2-scaled.png","articleSection":["Canal de Den\u00fancias"],"inLanguage":"pt-BR"},{"@type":"WebPage","@id":"https:\/\/ouvidordigital.com.br\/blog\/canal-de-denuncias-prevencao-assedio-trabalho\/","url":"https:\/\/ouvidordigital.com.br\/blog\/canal-de-denuncias-prevencao-assedio-trabalho\/","name":"Canal de den\u00fancias para preven\u00e7\u00e3o de ass\u00e9dio no trabalho | Canal de Den\u00fancias, o Blog do Ouvidor Digital","isPartOf":{"@id":"https:\/\/ouvidordigital.com.br\/blog\/#website"},"primaryImageOfPage":{"@id":"https:\/\/ouvidordigital.com.br\/blog\/canal-de-denuncias-prevencao-assedio-trabalho\/#primaryimage"},"image":{"@id":"https:\/\/ouvidordigital.com.br\/blog\/canal-de-denuncias-prevencao-assedio-trabalho\/#primaryimage"},"thumbnailUrl":"https:\/\/ouvidordigital.com.br\/blog\/wp-content\/uploads\/2026\/03\/Gemini_Generated_Image_d5f2zrd5f2zrd5f2-scaled.png","datePublished":"2026-03-13T17:40:56+00:00","dateModified":"2026-03-13T17:43:22+00:00","description":"Saiba como o canal de den\u00fancias ajuda a prevenir ass\u00e9dio no trabalho e atende \u00e0 legisla\u00e7\u00e3o brasileira de compliance corporativo.","breadcrumb":{"@id":"https:\/\/ouvidordigital.com.br\/blog\/canal-de-denuncias-prevencao-assedio-trabalho\/#breadcrumb"},"inLanguage":"pt-BR","potentialAction":[{"@type":"ReadAction","target":["https:\/\/ouvidordigital.com.br\/blog\/canal-de-denuncias-prevencao-assedio-trabalho\/"]}]},{"@type":"ImageObject","inLanguage":"pt-BR","@id":"https:\/\/ouvidordigital.com.br\/blog\/canal-de-denuncias-prevencao-assedio-trabalho\/#primaryimage","url":"https:\/\/ouvidordigital.com.br\/blog\/wp-content\/uploads\/2026\/03\/Gemini_Generated_Image_d5f2zrd5f2zrd5f2-scaled.png","contentUrl":"https:\/\/ouvidordigital.com.br\/blog\/wp-content\/uploads\/2026\/03\/Gemini_Generated_Image_d5f2zrd5f2zrd5f2-scaled.png","width":2560,"height":933,"caption":"Fotografia de duas executivas, uma negra com blazer marinho e uma asi\u00e1tica com blazer cinza, conversando em um escrit\u00f3rio moderno. A mulher asi\u00e1tica segura um tablet que exibe o aplicativo 'Relato Seguro' com um logotipo de escudo e cadeado. Um monitor de parede atr\u00e1s delas exibe um dashboard corporativo intitulado 'Gest\u00e3o de Den\u00fancias' em portugu\u00eas, com gr\u00e1ficos e organogramas. Outros funcion\u00e1rios trabalham ao fundo, desfocados, sob luz de escrit\u00f3rio moderna."},{"@type":"BreadcrumbList","@id":"https:\/\/ouvidordigital.com.br\/blog\/canal-de-denuncias-prevencao-assedio-trabalho\/#breadcrumb","itemListElement":[{"@type":"ListItem","position":1,"name":"In\u00edcio","item":"https:\/\/ouvidordigital.com.br\/blog\/"},{"@type":"ListItem","position":2,"name":"Canal de Den\u00fancias","item":"https:\/\/ouvidordigital.com.br\/blog\/categoria\/canal-de-denuncias\/"},{"@type":"ListItem","position":3,"name":"Canal de den\u00fancias e preven\u00e7\u00e3o de ass\u00e9dio no ambiente de trabalho"}]},{"@type":"WebSite","@id":"https:\/\/ouvidordigital.com.br\/blog\/#website","url":"https:\/\/ouvidordigital.com.br\/blog\/","name":"Blog do Ouvidor Digital","description":"Fique por dentro das novidades do mercado, aspectos regulat\u00f3rios, al\u00e9m de todos os benef\u00edcios da implementa\u00e7\u00e3o de um Canal de Den\u00fancias.","publisher":{"@id":"https:\/\/ouvidordigital.com.br\/blog\/#organization"},"potentialAction":[{"@type":"SearchAction","target":{"@type":"EntryPoint","urlTemplate":"https:\/\/ouvidordigital.com.br\/blog\/?s={search_term_string}"},"query-input":{"@type":"PropertyValueSpecification","valueRequired":true,"valueName":"search_term_string"}}],"inLanguage":"pt-BR"},{"@type":"Organization","@id":"https:\/\/ouvidordigital.com.br\/blog\/#organization","name":"Ouvidor Digital","url":"https:\/\/ouvidordigital.com.br\/blog\/","logo":{"@type":"ImageObject","inLanguage":"pt-BR","@id":"https:\/\/ouvidordigital.com.br\/blog\/#\/schema\/logo\/image\/","url":"https:\/\/ouvidordigital.com.br\/blog\/wp-content\/uploads\/2025\/01\/logo_blog_OD_1.png","contentUrl":"https:\/\/ouvidordigital.com.br\/blog\/wp-content\/uploads\/2025\/01\/logo_blog_OD_1.png","width":392,"height":260,"caption":"Ouvidor Digital"},"image":{"@id":"https:\/\/ouvidordigital.com.br\/blog\/#\/schema\/logo\/image\/"},"sameAs":["https:\/\/www.facebook.com\/ouvidordigital\/","https:\/\/www.linkedin.com\/company\/ouvidor-digital"]},{"@type":"Person","@id":"https:\/\/ouvidordigital.com.br\/blog\/#\/schema\/person\/286de3708a81244ae1727d68fdff3fe3","name":"Reda\u00e7\u00e3o Ouvidor Digital","image":{"@type":"ImageObject","inLanguage":"pt-BR","@id":"https:\/\/ouvidordigital.com.br\/blog\/#\/schema\/person\/image\/","url":"https:\/\/secure.gravatar.com\/avatar\/45892a52bac3ebdc7a488b7f498f5415d9b1df57fcd28d12ce5b99494d4959fd?s=96&d=mm&r=g","contentUrl":"https:\/\/secure.gravatar.com\/avatar\/45892a52bac3ebdc7a488b7f498f5415d9b1df57fcd28d12ce5b99494d4959fd?s=96&d=mm&r=g","caption":"Reda\u00e7\u00e3o Ouvidor Digital"},"url":"https:\/\/ouvidordigital.com.br\/blog\/author\/redacao-ouvidor-digital\/"}]}},"_links":{"self":[{"href":"https:\/\/ouvidordigital.com.br\/blog\/wp-json\/wp\/v2\/posts\/8124","targetHints":{"allow":["GET"]}}],"collection":[{"href":"https:\/\/ouvidordigital.com.br\/blog\/wp-json\/wp\/v2\/posts"}],"about":[{"href":"https:\/\/ouvidordigital.com.br\/blog\/wp-json\/wp\/v2\/types\/post"}],"author":[{"embeddable":true,"href":"https:\/\/ouvidordigital.com.br\/blog\/wp-json\/wp\/v2\/users\/20"}],"replies":[{"embeddable":true,"href":"https:\/\/ouvidordigital.com.br\/blog\/wp-json\/wp\/v2\/comments?post=8124"}],"version-history":[{"count":3,"href":"https:\/\/ouvidordigital.com.br\/blog\/wp-json\/wp\/v2\/posts\/8124\/revisions"}],"predecessor-version":[{"id":8128,"href":"https:\/\/ouvidordigital.com.br\/blog\/wp-json\/wp\/v2\/posts\/8124\/revisions\/8128"}],"wp:featuredmedia":[{"embeddable":true,"href":"https:\/\/ouvidordigital.com.br\/blog\/wp-json\/wp\/v2\/media\/8125"}],"wp:attachment":[{"href":"https:\/\/ouvidordigital.com.br\/blog\/wp-json\/wp\/v2\/media?parent=8124"}],"wp:term":[{"taxonomy":"category","embeddable":true,"href":"https:\/\/ouvidordigital.com.br\/blog\/wp-json\/wp\/v2\/categories?post=8124"},{"taxonomy":"post_tag","embeddable":true,"href":"https:\/\/ouvidordigital.com.br\/blog\/wp-json\/wp\/v2\/tags?post=8124"}],"curies":[{"name":"wp","href":"https:\/\/api.w.org\/{rel}","templated":true}]}}