{"id":975,"date":"2020-08-28T16:43:55","date_gmt":"2020-08-28T19:43:55","guid":{"rendered":"https:\/\/ouvidordigital.com.br\/blog\/?p=975"},"modified":"2023-12-19T17:02:46","modified_gmt":"2023-12-19T20:02:46","slug":"esg-canal-de-denuncias-retomada-economica","status":"publish","type":"post","link":"https:\/\/ouvidordigital.com.br\/blog\/esg-canal-de-denuncias-retomada-economica\/","title":{"rendered":"ESG e Canal de Den\u00fancias s\u00e3o diferenciais em retomada econ\u00f4mica"},"content":{"rendered":"<div class=\"wp-block-image\">\n<figure class=\"aligncenter size-large is-resized\"><img loading=\"lazy\" decoding=\"async\" width=\"626\" height=\"626\" src=\"https:\/\/ouvidordigital.com.br\/blog\/\/blog\/wp-content\/uploads\/2020\/08\/ecology-concept-background-flat-style_23-2148229959.jpg\" alt=\"ESG e Canal de Den\u00fancias\" class=\"wp-image-978\" style=\"width:436px;height:436px\" srcset=\"https:\/\/ouvidordigital.com.br\/blog\/wp-content\/uploads\/2020\/08\/ecology-concept-background-flat-style_23-2148229959.jpg 626w, https:\/\/ouvidordigital.com.br\/blog\/wp-content\/uploads\/2020\/08\/ecology-concept-background-flat-style_23-2148229959-300x300.jpg 300w, https:\/\/ouvidordigital.com.br\/blog\/wp-content\/uploads\/2020\/08\/ecology-concept-background-flat-style_23-2148229959-150x150.jpg 150w, https:\/\/ouvidordigital.com.br\/blog\/wp-content\/uploads\/2020\/08\/ecology-concept-background-flat-style_23-2148229959-100x100.jpg 100w\" sizes=\"auto, (max-width: 626px) 100vw, 626px\" \/><figcaption class=\"wp-element-caption\">Fonte: Freepik<\/figcaption><\/figure>\n<\/div>\n\n\n<p>A pandemia do Covid-19,  o combate ao racismo e a desigualdade de g\u00eanero, os desastres ambientais t\u00eam um ponto em comum nestas tr\u00eas letras, isto \u00e9, ESG &#8211; Environmental (Ambiental), Social (Social) e Governance (Governan\u00e7a) \u2013 que est\u00e3o sendo cada vez mais abordadas no mundo corporativo.&nbsp;<\/p>\n\n\n\n<p>A Governan\u00e7a das empresas t\u00eam mudado e alguns comportamentos que eram tolerados, hoje n\u00e3o s\u00e3o mais aceitos.&nbsp; <\/p>\n\n\n\n<p>Posto isto, \u00e9 muito importante demonstrar para o mercado e aos investidores que a empresa \u00e9 sustent\u00e1vel, possui uma cultura \u00e9tica e \u00e9 transparente.&nbsp;<\/p>\n\n\n\n<p>De acordo com recente pesquisa, da <a href=\"https:\/\/www.ey.com\/en_gl\/sustainable-impact-hub\" target=\"_blank\" rel=\"noreferrer noopener\">EY Global Climate Change and Sustainability Services Leader<\/a>, os investidores est\u00e3o contando, cada vez mais, com informa\u00e7\u00f5es ESG na procura por dados de grau de investimento, para apoiar seus processos de tomada de decis\u00f5es que incluem governan\u00e7a e compliance, direitos humanos e sustentabilidade.<\/p>\n\n\n\n<p>Na pandemia do novo coronav\u00edrus, elevou-se ainda mais a import\u00e2ncia de empresas deste tipo, pois se mostram mais resilientes em momentos de crise e incertezas.&nbsp;<\/p>\n\n\n\n<p>Considerando que os efeitos da Pandemia, dificilmente, diminuir\u00e3o a curto prazo. Entender a import\u00e2ncia dos crit\u00e9rios \u00e9 primordial para a longevidade da empresa e permitir o acesso ao financiamento a fim de gerar empregos e renda.&nbsp;<\/p>\n\n\n\n<p>Fique conosco e entenda quais s\u00e3o esses crit\u00e9rios e como o <a href=\"http:\/\/ouvidordigital.com.br\" target=\"_blank\" rel=\"noreferrer noopener\">Canal de Den\u00fancias<\/a> pode auxiliar a atender os pilares ESG.&nbsp;<\/p>\n\n\n\n<h2 class=\"wp-block-heading\">Quais s\u00e3o os pilares ESG?<\/h2>\n\n\n\n<figure class=\"wp-block-image size-large\"><img loading=\"lazy\" decoding=\"async\" width=\"1024\" height=\"768\" src=\"https:\/\/ouvidordigital.com.br\/blog\/\/blog\/wp-content\/uploads\/2020\/08\/Blue-and-Peach-Concept-Map-Chart-1.png\" alt=\"pilares ESG\" class=\"wp-image-976\" srcset=\"https:\/\/ouvidordigital.com.br\/blog\/wp-content\/uploads\/2020\/08\/Blue-and-Peach-Concept-Map-Chart-1.png 1024w, https:\/\/ouvidordigital.com.br\/blog\/wp-content\/uploads\/2020\/08\/Blue-and-Peach-Concept-Map-Chart-1-300x225.png 300w, https:\/\/ouvidordigital.com.br\/blog\/wp-content\/uploads\/2020\/08\/Blue-and-Peach-Concept-Map-Chart-1-768x576.png 768w, https:\/\/ouvidordigital.com.br\/blog\/wp-content\/uploads\/2020\/08\/Blue-and-Peach-Concept-Map-Chart-1-1018x764.png 1018w, https:\/\/ouvidordigital.com.br\/blog\/wp-content\/uploads\/2020\/08\/Blue-and-Peach-Concept-Map-Chart-1-480x360.png 480w\" sizes=\"auto, (max-width: 1024px) 100vw, 1024px\" \/><\/figure>\n\n\n\n<h2 class=\"wp-block-heading\">Meio Ambiente<\/h2>\n\n\n\n<p>A trag\u00e9dia de Brumadinho, o inc\u00eandio da Amaz\u00f4nia e o vazamento de \u00f3leo na praias do Nordeste chamou muita aten\u00e7\u00e3o do mundo inteiro para a quest\u00e3o ambiental do Brasil em 2019.&nbsp;<\/p>\n\n\n\n<p>Em janeiro de 2020, a BlackRock, maior gestora de ativos do mundo, afirmou que o aquecimento global passar\u00e1 a estar no cerne de suas pol\u00edticas de investimentos.&nbsp;<\/p>\n\n\n\n<p>\u200bNo que tange a Sustentabilidade, n\u00e3o estamos falando apenas de prote\u00e7\u00e3o \u00e0 natureza e todas as tem\u00e1ticas verdes, mas em pol\u00edticas de prote\u00e7\u00e3o a pr\u00f3pria sociedade humana.&nbsp;<\/p>\n\n\n\n<h2 class=\"wp-block-heading\">Social<\/h2>\n\n\n\n<p>Na pr\u00e1tica, s\u00e3o as condi\u00e7\u00f5es de trabalho que a empresa oferece aos funcion\u00e1rios,  os cuidados com a seguran\u00e7a do trabalho, diversidade no quadro de funcion\u00e1rios, etc.<\/p>\n\n\n\n<p>O Canal de Den\u00fancias \u00e9 um mecanismo eficaz para garantir a seguran\u00e7a e a sa\u00fade no ambiente de trabalho.<\/p>\n\n\n\n<h2 class=\"wp-block-heading\">Governan\u00e7a<\/h2>\n\n\n\n<p>A governan\u00e7a engloba os sistemas de pol\u00edtica de controle, como o C\u00f3digo de \u00e9tica, canal de den\u00fancias, Programa de Compliance.<\/p>\n\n\n\n<p>As micro e pequenas empresas que queiram crescer no mercado atual devem investir em estar em Compliance.<\/p>\n\n\n\n<p>J\u00e1 as de m\u00e9dio e grande porte precisam ter o ESG para desenvolver-se.<\/p>\n\n\n<p>[the_ad id=&#8221;4230&#8243;]<\/p>\n\n\n<p>[the_ad id=&#8221;4229&#8243;]<\/p>\n","protected":false},"excerpt":{"rendered":"<p>A pandemia do Covid-19, o combate ao racismo e a desigualdade de g\u00eanero, os desastres ambientais t\u00eam um ponto em comum nestas tr\u00eas letras, isto \u00e9, ESG &#8211; Environmental (Ambiental), Social (Social) e Governance (Governan\u00e7a) \u2013 que est\u00e3o sendo cada vez mais abordadas no mundo corporativo.&nbsp; A Governan\u00e7a das empresas t\u00eam mudado e alguns comportamentos [&hellip;]<\/p>\n","protected":false},"author":2,"featured_media":978,"comment_status":"closed","ping_status":"closed","sticky":false,"template":"","format":"standard","meta":{"_acf_changed":false,"footnotes":""},"categories":[40,39,46],"tags":[],"class_list":["post-975","post","type-post","status-publish","format-standard","has-post-thumbnail","hentry","category-canal-de-denuncias","category-esg","category-recursos-humanos"],"acf":[],"yoast_head":"<!-- This site is optimized with the Yoast SEO plugin v27.0 - https:\/\/yoast.com\/product\/yoast-seo-wordpress\/ -->\n<title>ESG e Canal de Den\u00fancias s\u00e3o diferencial em retomada econ\u00f4mica<\/title>\n<meta name=\"description\" content=\"Saiba como os fatores ESG e o Canal de den\u00fancias s\u00e3o um diferencial na retomada econ\u00f4mica p\u00f3s-crise e podem auxiliar a longevidade da sua empresa.\" \/>\n<meta name=\"robots\" content=\"index, follow, max-snippet:-1, max-image-preview:large, max-video-preview:-1\" \/>\n<link rel=\"canonical\" href=\"https:\/\/ouvidordigital.com.br\/blog\/esg-canal-de-denuncias-retomada-economica\/\" \/>\n<meta property=\"og:locale\" content=\"pt_BR\" \/>\n<meta property=\"og:type\" content=\"article\" \/>\n<meta property=\"og:title\" content=\"ESG e Canal de Den\u00fancias s\u00e3o diferencial em retomada econ\u00f4mica\" \/>\n<meta property=\"og:description\" content=\"Saiba como os fatores ESG e o Canal de den\u00fancias s\u00e3o um diferencial na retomada econ\u00f4mica p\u00f3s-crise e podem auxiliar a longevidade da sua empresa.\" \/>\n<meta property=\"og:url\" content=\"https:\/\/ouvidordigital.com.br\/blog\/esg-canal-de-denuncias-retomada-economica\/\" \/>\n<meta property=\"og:site_name\" content=\"Canal de Den\u00fancias, o Blog do Ouvidor Digital\" \/>\n<meta property=\"article:publisher\" content=\"https:\/\/www.facebook.com\/ouvidordigital\/\" \/>\n<meta property=\"article:published_time\" content=\"2020-08-28T19:43:55+00:00\" \/>\n<meta property=\"article:modified_time\" content=\"2023-12-19T20:02:46+00:00\" \/>\n<meta property=\"og:image\" content=\"https:\/\/ouvidordigital.com.br\/blog\/wp-content\/uploads\/2020\/08\/ecology-concept-background-flat-style_23-2148229959.jpg\" \/>\n\t<meta property=\"og:image:width\" content=\"626\" \/>\n\t<meta property=\"og:image:height\" content=\"626\" \/>\n\t<meta property=\"og:image:type\" content=\"image\/jpeg\" \/>\n<meta name=\"author\" content=\"Paula Puente\" \/>\n<meta name=\"twitter:card\" content=\"summary_large_image\" \/>\n<meta name=\"twitter:label1\" content=\"Escrito por\" \/>\n\t<meta name=\"twitter:data1\" content=\"Paula Puente\" \/>\n\t<meta name=\"twitter:label2\" content=\"Est. tempo de leitura\" \/>\n\t<meta name=\"twitter:data2\" content=\"3 minutos\" \/>\n<script type=\"application\/ld+json\" class=\"yoast-schema-graph\">{\"@context\":\"https:\/\/schema.org\",\"@graph\":[{\"@type\":\"Article\",\"@id\":\"https:\/\/ouvidordigital.com.br\/blog\/esg-canal-de-denuncias-retomada-economica\/#article\",\"isPartOf\":{\"@id\":\"https:\/\/ouvidordigital.com.br\/blog\/esg-canal-de-denuncias-retomada-economica\/\"},\"author\":{\"name\":\"Paula Puente\",\"@id\":\"https:\/\/ouvidordigital.com.br\/blog\/#\/schema\/person\/899f522da00e36350c82866ea5cd1601\"},\"headline\":\"ESG e Canal de Den\u00fancias s\u00e3o diferenciais em retomada econ\u00f4mica\",\"datePublished\":\"2020-08-28T19:43:55+00:00\",\"dateModified\":\"2023-12-19T20:02:46+00:00\",\"mainEntityOfPage\":{\"@id\":\"https:\/\/ouvidordigital.com.br\/blog\/esg-canal-de-denuncias-retomada-economica\/\"},\"wordCount\":477,\"publisher\":{\"@id\":\"https:\/\/ouvidordigital.com.br\/blog\/#organization\"},\"image\":{\"@id\":\"https:\/\/ouvidordigital.com.br\/blog\/esg-canal-de-denuncias-retomada-economica\/#primaryimage\"},\"thumbnailUrl\":\"https:\/\/ouvidordigital.com.br\/blog\/wp-content\/uploads\/2020\/08\/ecology-concept-background-flat-style_23-2148229959.jpg\",\"articleSection\":[\"Canal de Den\u00fancias\",\"ESG\",\"Recursos Humanos\"],\"inLanguage\":\"pt-BR\"},{\"@type\":\"WebPage\",\"@id\":\"https:\/\/ouvidordigital.com.br\/blog\/esg-canal-de-denuncias-retomada-economica\/\",\"url\":\"https:\/\/ouvidordigital.com.br\/blog\/esg-canal-de-denuncias-retomada-economica\/\",\"name\":\"ESG e Canal de Den\u00fancias s\u00e3o diferencial em retomada econ\u00f4mica\",\"isPartOf\":{\"@id\":\"https:\/\/ouvidordigital.com.br\/blog\/#website\"},\"primaryImageOfPage\":{\"@id\":\"https:\/\/ouvidordigital.com.br\/blog\/esg-canal-de-denuncias-retomada-economica\/#primaryimage\"},\"image\":{\"@id\":\"https:\/\/ouvidordigital.com.br\/blog\/esg-canal-de-denuncias-retomada-economica\/#primaryimage\"},\"thumbnailUrl\":\"https:\/\/ouvidordigital.com.br\/blog\/wp-content\/uploads\/2020\/08\/ecology-concept-background-flat-style_23-2148229959.jpg\",\"datePublished\":\"2020-08-28T19:43:55+00:00\",\"dateModified\":\"2023-12-19T20:02:46+00:00\",\"description\":\"Saiba como os fatores ESG e o Canal de den\u00fancias s\u00e3o um diferencial na retomada econ\u00f4mica p\u00f3s-crise e podem auxiliar a longevidade da sua empresa.\",\"breadcrumb\":{\"@id\":\"https:\/\/ouvidordigital.com.br\/blog\/esg-canal-de-denuncias-retomada-economica\/#breadcrumb\"},\"inLanguage\":\"pt-BR\",\"potentialAction\":[{\"@type\":\"ReadAction\",\"target\":[\"https:\/\/ouvidordigital.com.br\/blog\/esg-canal-de-denuncias-retomada-economica\/\"]}]},{\"@type\":\"ImageObject\",\"inLanguage\":\"pt-BR\",\"@id\":\"https:\/\/ouvidordigital.com.br\/blog\/esg-canal-de-denuncias-retomada-economica\/#primaryimage\",\"url\":\"https:\/\/ouvidordigital.com.br\/blog\/wp-content\/uploads\/2020\/08\/ecology-concept-background-flat-style_23-2148229959.jpg\",\"contentUrl\":\"https:\/\/ouvidordigital.com.br\/blog\/wp-content\/uploads\/2020\/08\/ecology-concept-background-flat-style_23-2148229959.jpg\",\"width\":626,\"height\":626},{\"@type\":\"BreadcrumbList\",\"@id\":\"https:\/\/ouvidordigital.com.br\/blog\/esg-canal-de-denuncias-retomada-economica\/#breadcrumb\",\"itemListElement\":[{\"@type\":\"ListItem\",\"position\":1,\"name\":\"In\u00edcio\",\"item\":\"https:\/\/ouvidordigital.com.br\/blog\/\"},{\"@type\":\"ListItem\",\"position\":2,\"name\":\"Canal de Den\u00fancias\",\"item\":\"https:\/\/ouvidordigital.com.br\/blog\/categoria\/canal-de-denuncias\/\"},{\"@type\":\"ListItem\",\"position\":3,\"name\":\"ESG e Canal de Den\u00fancias s\u00e3o diferenciais em retomada econ\u00f4mica\"}]},{\"@type\":\"WebSite\",\"@id\":\"https:\/\/ouvidordigital.com.br\/blog\/#website\",\"url\":\"https:\/\/ouvidordigital.com.br\/blog\/\",\"name\":\"Blog do Ouvidor Digital\",\"description\":\"Fique por dentro das novidades do mercado, aspectos regulat\u00f3rios, al\u00e9m de todos os benef\u00edcios da implementa\u00e7\u00e3o de um Canal de Den\u00fancias.\",\"publisher\":{\"@id\":\"https:\/\/ouvidordigital.com.br\/blog\/#organization\"},\"potentialAction\":[{\"@type\":\"SearchAction\",\"target\":{\"@type\":\"EntryPoint\",\"urlTemplate\":\"https:\/\/ouvidordigital.com.br\/blog\/?s={search_term_string}\"},\"query-input\":{\"@type\":\"PropertyValueSpecification\",\"valueRequired\":true,\"valueName\":\"search_term_string\"}}],\"inLanguage\":\"pt-BR\"},{\"@type\":\"Organization\",\"@id\":\"https:\/\/ouvidordigital.com.br\/blog\/#organization\",\"name\":\"Ouvidor Digital\",\"url\":\"https:\/\/ouvidordigital.com.br\/blog\/\",\"logo\":{\"@type\":\"ImageObject\",\"inLanguage\":\"pt-BR\",\"@id\":\"https:\/\/ouvidordigital.com.br\/blog\/#\/schema\/logo\/image\/\",\"url\":\"https:\/\/ouvidordigital.com.br\/blog\/wp-content\/uploads\/2025\/01\/logo_blog_OD_1.png\",\"contentUrl\":\"https:\/\/ouvidordigital.com.br\/blog\/wp-content\/uploads\/2025\/01\/logo_blog_OD_1.png\",\"width\":392,\"height\":260,\"caption\":\"Ouvidor Digital\"},\"image\":{\"@id\":\"https:\/\/ouvidordigital.com.br\/blog\/#\/schema\/logo\/image\/\"},\"sameAs\":[\"https:\/\/www.facebook.com\/ouvidordigital\/\",\"https:\/\/www.linkedin.com\/company\/ouvidor-digital\"]},{\"@type\":\"Person\",\"@id\":\"https:\/\/ouvidordigital.com.br\/blog\/#\/schema\/person\/899f522da00e36350c82866ea5cd1601\",\"name\":\"Paula Puente\",\"image\":{\"@type\":\"ImageObject\",\"inLanguage\":\"pt-BR\",\"@id\":\"https:\/\/ouvidordigital.com.br\/blog\/#\/schema\/person\/image\/\",\"url\":\"https:\/\/secure.gravatar.com\/avatar\/029025b04672d8487dac9271c88aea06f2287c035adf67fa82ed25756970154e?s=96&d=mm&r=g\",\"contentUrl\":\"https:\/\/secure.gravatar.com\/avatar\/029025b04672d8487dac9271c88aea06f2287c035adf67fa82ed25756970154e?s=96&d=mm&r=g\",\"caption\":\"Paula Puente\"},\"url\":\"https:\/\/ouvidordigital.com.br\/blog\/author\/paula-de-la-puente\/\"}]}<\/script>\n<!-- \/ Yoast SEO plugin. -->","yoast_head_json":{"title":"ESG e Canal de Den\u00fancias s\u00e3o diferencial em retomada econ\u00f4mica","description":"Saiba como os fatores ESG e o Canal de den\u00fancias s\u00e3o um diferencial na retomada econ\u00f4mica p\u00f3s-crise e podem auxiliar a longevidade da sua empresa.","robots":{"index":"index","follow":"follow","max-snippet":"max-snippet:-1","max-image-preview":"max-image-preview:large","max-video-preview":"max-video-preview:-1"},"canonical":"https:\/\/ouvidordigital.com.br\/blog\/esg-canal-de-denuncias-retomada-economica\/","og_locale":"pt_BR","og_type":"article","og_title":"ESG e Canal de Den\u00fancias s\u00e3o diferencial em retomada econ\u00f4mica","og_description":"Saiba como os fatores ESG e o Canal de den\u00fancias s\u00e3o um diferencial na retomada econ\u00f4mica p\u00f3s-crise e podem auxiliar a longevidade da sua empresa.","og_url":"https:\/\/ouvidordigital.com.br\/blog\/esg-canal-de-denuncias-retomada-economica\/","og_site_name":"Canal de Den\u00fancias, o Blog do Ouvidor Digital","article_publisher":"https:\/\/www.facebook.com\/ouvidordigital\/","article_published_time":"2020-08-28T19:43:55+00:00","article_modified_time":"2023-12-19T20:02:46+00:00","og_image":[{"width":626,"height":626,"url":"https:\/\/ouvidordigital.com.br\/blog\/wp-content\/uploads\/2020\/08\/ecology-concept-background-flat-style_23-2148229959.jpg","type":"image\/jpeg"}],"author":"Paula Puente","twitter_card":"summary_large_image","twitter_misc":{"Escrito por":"Paula Puente","Est. tempo de leitura":"3 minutos"},"schema":{"@context":"https:\/\/schema.org","@graph":[{"@type":"Article","@id":"https:\/\/ouvidordigital.com.br\/blog\/esg-canal-de-denuncias-retomada-economica\/#article","isPartOf":{"@id":"https:\/\/ouvidordigital.com.br\/blog\/esg-canal-de-denuncias-retomada-economica\/"},"author":{"name":"Paula Puente","@id":"https:\/\/ouvidordigital.com.br\/blog\/#\/schema\/person\/899f522da00e36350c82866ea5cd1601"},"headline":"ESG e Canal de Den\u00fancias s\u00e3o diferenciais em retomada econ\u00f4mica","datePublished":"2020-08-28T19:43:55+00:00","dateModified":"2023-12-19T20:02:46+00:00","mainEntityOfPage":{"@id":"https:\/\/ouvidordigital.com.br\/blog\/esg-canal-de-denuncias-retomada-economica\/"},"wordCount":477,"publisher":{"@id":"https:\/\/ouvidordigital.com.br\/blog\/#organization"},"image":{"@id":"https:\/\/ouvidordigital.com.br\/blog\/esg-canal-de-denuncias-retomada-economica\/#primaryimage"},"thumbnailUrl":"https:\/\/ouvidordigital.com.br\/blog\/wp-content\/uploads\/2020\/08\/ecology-concept-background-flat-style_23-2148229959.jpg","articleSection":["Canal de Den\u00fancias","ESG","Recursos Humanos"],"inLanguage":"pt-BR"},{"@type":"WebPage","@id":"https:\/\/ouvidordigital.com.br\/blog\/esg-canal-de-denuncias-retomada-economica\/","url":"https:\/\/ouvidordigital.com.br\/blog\/esg-canal-de-denuncias-retomada-economica\/","name":"ESG e Canal de Den\u00fancias s\u00e3o diferencial em retomada econ\u00f4mica","isPartOf":{"@id":"https:\/\/ouvidordigital.com.br\/blog\/#website"},"primaryImageOfPage":{"@id":"https:\/\/ouvidordigital.com.br\/blog\/esg-canal-de-denuncias-retomada-economica\/#primaryimage"},"image":{"@id":"https:\/\/ouvidordigital.com.br\/blog\/esg-canal-de-denuncias-retomada-economica\/#primaryimage"},"thumbnailUrl":"https:\/\/ouvidordigital.com.br\/blog\/wp-content\/uploads\/2020\/08\/ecology-concept-background-flat-style_23-2148229959.jpg","datePublished":"2020-08-28T19:43:55+00:00","dateModified":"2023-12-19T20:02:46+00:00","description":"Saiba como os fatores ESG e o Canal de den\u00fancias s\u00e3o um diferencial na retomada econ\u00f4mica p\u00f3s-crise e podem auxiliar a longevidade da sua empresa.","breadcrumb":{"@id":"https:\/\/ouvidordigital.com.br\/blog\/esg-canal-de-denuncias-retomada-economica\/#breadcrumb"},"inLanguage":"pt-BR","potentialAction":[{"@type":"ReadAction","target":["https:\/\/ouvidordigital.com.br\/blog\/esg-canal-de-denuncias-retomada-economica\/"]}]},{"@type":"ImageObject","inLanguage":"pt-BR","@id":"https:\/\/ouvidordigital.com.br\/blog\/esg-canal-de-denuncias-retomada-economica\/#primaryimage","url":"https:\/\/ouvidordigital.com.br\/blog\/wp-content\/uploads\/2020\/08\/ecology-concept-background-flat-style_23-2148229959.jpg","contentUrl":"https:\/\/ouvidordigital.com.br\/blog\/wp-content\/uploads\/2020\/08\/ecology-concept-background-flat-style_23-2148229959.jpg","width":626,"height":626},{"@type":"BreadcrumbList","@id":"https:\/\/ouvidordigital.com.br\/blog\/esg-canal-de-denuncias-retomada-economica\/#breadcrumb","itemListElement":[{"@type":"ListItem","position":1,"name":"In\u00edcio","item":"https:\/\/ouvidordigital.com.br\/blog\/"},{"@type":"ListItem","position":2,"name":"Canal de Den\u00fancias","item":"https:\/\/ouvidordigital.com.br\/blog\/categoria\/canal-de-denuncias\/"},{"@type":"ListItem","position":3,"name":"ESG e Canal de Den\u00fancias s\u00e3o diferenciais em retomada econ\u00f4mica"}]},{"@type":"WebSite","@id":"https:\/\/ouvidordigital.com.br\/blog\/#website","url":"https:\/\/ouvidordigital.com.br\/blog\/","name":"Blog do Ouvidor Digital","description":"Fique por dentro das novidades do mercado, aspectos regulat\u00f3rios, al\u00e9m de todos os benef\u00edcios da implementa\u00e7\u00e3o de um Canal de Den\u00fancias.","publisher":{"@id":"https:\/\/ouvidordigital.com.br\/blog\/#organization"},"potentialAction":[{"@type":"SearchAction","target":{"@type":"EntryPoint","urlTemplate":"https:\/\/ouvidordigital.com.br\/blog\/?s={search_term_string}"},"query-input":{"@type":"PropertyValueSpecification","valueRequired":true,"valueName":"search_term_string"}}],"inLanguage":"pt-BR"},{"@type":"Organization","@id":"https:\/\/ouvidordigital.com.br\/blog\/#organization","name":"Ouvidor Digital","url":"https:\/\/ouvidordigital.com.br\/blog\/","logo":{"@type":"ImageObject","inLanguage":"pt-BR","@id":"https:\/\/ouvidordigital.com.br\/blog\/#\/schema\/logo\/image\/","url":"https:\/\/ouvidordigital.com.br\/blog\/wp-content\/uploads\/2025\/01\/logo_blog_OD_1.png","contentUrl":"https:\/\/ouvidordigital.com.br\/blog\/wp-content\/uploads\/2025\/01\/logo_blog_OD_1.png","width":392,"height":260,"caption":"Ouvidor Digital"},"image":{"@id":"https:\/\/ouvidordigital.com.br\/blog\/#\/schema\/logo\/image\/"},"sameAs":["https:\/\/www.facebook.com\/ouvidordigital\/","https:\/\/www.linkedin.com\/company\/ouvidor-digital"]},{"@type":"Person","@id":"https:\/\/ouvidordigital.com.br\/blog\/#\/schema\/person\/899f522da00e36350c82866ea5cd1601","name":"Paula Puente","image":{"@type":"ImageObject","inLanguage":"pt-BR","@id":"https:\/\/ouvidordigital.com.br\/blog\/#\/schema\/person\/image\/","url":"https:\/\/secure.gravatar.com\/avatar\/029025b04672d8487dac9271c88aea06f2287c035adf67fa82ed25756970154e?s=96&d=mm&r=g","contentUrl":"https:\/\/secure.gravatar.com\/avatar\/029025b04672d8487dac9271c88aea06f2287c035adf67fa82ed25756970154e?s=96&d=mm&r=g","caption":"Paula Puente"},"url":"https:\/\/ouvidordigital.com.br\/blog\/author\/paula-de-la-puente\/"}]}},"_links":{"self":[{"href":"https:\/\/ouvidordigital.com.br\/blog\/wp-json\/wp\/v2\/posts\/975","targetHints":{"allow":["GET"]}}],"collection":[{"href":"https:\/\/ouvidordigital.com.br\/blog\/wp-json\/wp\/v2\/posts"}],"about":[{"href":"https:\/\/ouvidordigital.com.br\/blog\/wp-json\/wp\/v2\/types\/post"}],"author":[{"embeddable":true,"href":"https:\/\/ouvidordigital.com.br\/blog\/wp-json\/wp\/v2\/users\/2"}],"replies":[{"embeddable":true,"href":"https:\/\/ouvidordigital.com.br\/blog\/wp-json\/wp\/v2\/comments?post=975"}],"version-history":[{"count":0,"href":"https:\/\/ouvidordigital.com.br\/blog\/wp-json\/wp\/v2\/posts\/975\/revisions"}],"wp:featuredmedia":[{"embeddable":true,"href":"https:\/\/ouvidordigital.com.br\/blog\/wp-json\/wp\/v2\/media\/978"}],"wp:attachment":[{"href":"https:\/\/ouvidordigital.com.br\/blog\/wp-json\/wp\/v2\/media?parent=975"}],"wp:term":[{"taxonomy":"category","embeddable":true,"href":"https:\/\/ouvidordigital.com.br\/blog\/wp-json\/wp\/v2\/categories?post=975"},{"taxonomy":"post_tag","embeddable":true,"href":"https:\/\/ouvidordigital.com.br\/blog\/wp-json\/wp\/v2\/tags?post=975"}],"curies":[{"name":"wp","href":"https:\/\/api.w.org\/{rel}","templated":true}]}}